{"id":1798,"date":"2022-04-19T14:27:47","date_gmt":"2022-04-19T12:27:47","guid":{"rendered":"https:\/\/mallorcarural.cat\/la-capital-del-raiguer-sha-adherit-a-lassociacio-mallorca-rural\/"},"modified":"2024-02-21T10:32:28","modified_gmt":"2024-02-21T09:32:28","slug":"la-capital-del-raiguer-se-ha-adherido-a-la-asociacion-mallorca-rural","status":"publish","type":"post","link":"https:\/\/mallorcarural.cat\/es\/la-capital-del-raiguer-se-ha-adherido-a-la-asociacion-mallorca-rural\/","title":{"rendered":"La capital del Raiguer se ha adherido a la Asociaci\u00f3n Mallorca Rural"},"content":{"rendered":"<p>La capital del Raiguer se ha adherido a la Asociaci\u00f3n Mallorca Rural. En la pasada reuni\u00f3n celebrada el pasado d\u00eda 1 de abril en el Museo del Calzado de Inca, la Junta Directiva de Mallorca Rural da entrada al nuevo socio, momento a partir del cual este municipio participar\u00e1 de forma activa en la dinamizaci\u00f3n y fomento de proyectos que contribuyan al desarrollo de las zonas rurales del territorio.<\/p>\n","protected":false},"excerpt":{"rendered":"<p>La capital del Raiguer se ha adherido a la Asociaci\u00f3n  [&#8230;]<\/p>\n","protected":false},"author":2,"featured_media":1245,"comment_status":"closed","ping_status":"closed","sticky":false,"template":"","format":"standard","meta":{"footnotes":""},"categories":[15],"tags":[],"class_list":["post-1798","post","type-post","status-publish","format-standard","has-post-thumbnail","hentry","category-sin-categorizar"],"yoast_head":"<!-- This site is optimized with the Yoast SEO plugin v28.2 - https:\/\/yoast.com\/product\/yoast-seo-wordpress\/ -->\n<title>La capital del Raiguer se ha adherido a la Asociaci\u00f3n Mallorca Rural - Mallorca Rural<\/title>\n<meta name=\"robots\" content=\"index, follow, max-snippet:-1, max-image-preview:large, max-video-preview:-1\" \/>\n<link rel=\"canonical\" href=\"https:\/\/mallorcarural.cat\/es\/la-capital-del-raiguer-se-ha-adherido-a-la-asociacion-mallorca-rural\/\" \/>\n<meta property=\"og:locale\" content=\"es_ES\" \/>\n<meta property=\"og:type\" content=\"article\" \/>\n<meta property=\"og:title\" content=\"La capital del Raiguer se ha adherido a la Asociaci\u00f3n Mallorca Rural - Mallorca Rural\" \/>\n<meta property=\"og:description\" content=\"La capital del Raiguer se ha adherido a la Asociaci\u00f3n [...]\" \/>\n<meta property=\"og:url\" content=\"https:\/\/mallorcarural.cat\/es\/la-capital-del-raiguer-se-ha-adherido-a-la-asociacion-mallorca-rural\/\" \/>\n<meta property=\"og:site_name\" content=\"Mallorca Rural\" \/>\n<meta property=\"article:published_time\" content=\"2022-04-19T12:27:47+00:00\" \/>\n<meta property=\"article:modified_time\" content=\"2024-02-21T09:32:28+00:00\" \/>\n<meta property=\"og:image\" content=\"https:\/\/mallorcarural.cat\/wp-content\/uploads\/2024\/01\/La-capital-del-Raiguer-sha-adherit-a-lAssociacio-Mallorca-Rural.webp\" \/>\n\t<meta property=\"og:image:width\" content=\"490\" \/>\n\t<meta property=\"og:image:height\" content=\"368\" \/>\n\t<meta property=\"og:image:type\" content=\"image\/webp\" \/>\n<meta name=\"author\" content=\"ruraladmin\" \/>\n<meta name=\"twitter:card\" content=\"summary_large_image\" \/>\n<meta name=\"twitter:label1\" content=\"Written by\" \/>\n\t<meta name=\"twitter:data1\" content=\"ruraladmin\" \/>\n\t<meta name=\"twitter:label2\" content=\"Est. reading time\" \/>\n\t<meta name=\"twitter:data2\" content=\"1 minute\" \/>\n<script type=\"application\/ld+json\" class=\"yoast-schema-graph\">{\"@context\":\"https:\\\/\\\/schema.org\",\"@graph\":[{\"@type\":\"Article\",\"@id\":\"https:\\\/\\\/mallorcarural.cat\\\/es\\\/la-capital-del-raiguer-se-ha-adherido-a-la-asociacion-mallorca-rural\\\/#article\",\"isPartOf\":{\"@id\":\"https:\\\/\\\/mallorcarural.cat\\\/es\\\/la-capital-del-raiguer-se-ha-adherido-a-la-asociacion-mallorca-rural\\\/\"},\"author\":{\"name\":\"ruraladmin\",\"@id\":\"https:\\\/\\\/mallorcarural.cat\\\/es\\\/#\\\/schema\\\/person\\\/61dd5f77528bf779c6d6e05efcd8b1d1\"},\"headline\":\"La capital del Raiguer se ha adherido a la Asociaci\u00f3n Mallorca Rural\",\"datePublished\":\"2022-04-19T12:27:47+00:00\",\"dateModified\":\"2024-02-21T09:32:28+00:00\",\"mainEntityOfPage\":{\"@id\":\"https:\\\/\\\/mallorcarural.cat\\\/es\\\/la-capital-del-raiguer-se-ha-adherido-a-la-asociacion-mallorca-rural\\\/\"},\"wordCount\":85,\"image\":{\"@id\":\"https:\\\/\\\/mallorcarural.cat\\\/es\\\/la-capital-del-raiguer-se-ha-adherido-a-la-asociacion-mallorca-rural\\\/#primaryimage\"},\"thumbnailUrl\":\"https:\\\/\\\/mallorcarural.cat\\\/wp-content\\\/uploads\\\/2024\\\/01\\\/La-capital-del-Raiguer-sha-adherit-a-lAssociacio-Mallorca-Rural.webp\",\"articleSection\":[\"Sin categorizar\"],\"inLanguage\":\"es-ES\"},{\"@type\":\"WebPage\",\"@id\":\"https:\\\/\\\/mallorcarural.cat\\\/es\\\/la-capital-del-raiguer-se-ha-adherido-a-la-asociacion-mallorca-rural\\\/\",\"url\":\"https:\\\/\\\/mallorcarural.cat\\\/es\\\/la-capital-del-raiguer-se-ha-adherido-a-la-asociacion-mallorca-rural\\\/\",\"name\":\"La capital del Raiguer se ha adherido a la Asociaci\u00f3n Mallorca Rural - Mallorca Rural\",\"isPartOf\":{\"@id\":\"https:\\\/\\\/mallorcarural.cat\\\/es\\\/#website\"},\"primaryImageOfPage\":{\"@id\":\"https:\\\/\\\/mallorcarural.cat\\\/es\\\/la-capital-del-raiguer-se-ha-adherido-a-la-asociacion-mallorca-rural\\\/#primaryimage\"},\"image\":{\"@id\":\"https:\\\/\\\/mallorcarural.cat\\\/es\\\/la-capital-del-raiguer-se-ha-adherido-a-la-asociacion-mallorca-rural\\\/#primaryimage\"},\"thumbnailUrl\":\"https:\\\/\\\/mallorcarural.cat\\\/wp-content\\\/uploads\\\/2024\\\/01\\\/La-capital-del-Raiguer-sha-adherit-a-lAssociacio-Mallorca-Rural.webp\",\"datePublished\":\"2022-04-19T12:27:47+00:00\",\"dateModified\":\"2024-02-21T09:32:28+00:00\",\"author\":{\"@id\":\"https:\\\/\\\/mallorcarural.cat\\\/es\\\/#\\\/schema\\\/person\\\/61dd5f77528bf779c6d6e05efcd8b1d1\"},\"breadcrumb\":{\"@id\":\"https:\\\/\\\/mallorcarural.cat\\\/es\\\/la-capital-del-raiguer-se-ha-adherido-a-la-asociacion-mallorca-rural\\\/#breadcrumb\"},\"inLanguage\":\"es-ES\",\"potentialAction\":[{\"@type\":\"ReadAction\",\"target\":[\"https:\\\/\\\/mallorcarural.cat\\\/es\\\/la-capital-del-raiguer-se-ha-adherido-a-la-asociacion-mallorca-rural\\\/\"]}]},{\"@type\":\"ImageObject\",\"inLanguage\":\"es-ES\",\"@id\":\"https:\\\/\\\/mallorcarural.cat\\\/es\\\/la-capital-del-raiguer-se-ha-adherido-a-la-asociacion-mallorca-rural\\\/#primaryimage\",\"url\":\"https:\\\/\\\/mallorcarural.cat\\\/wp-content\\\/uploads\\\/2024\\\/01\\\/La-capital-del-Raiguer-sha-adherit-a-lAssociacio-Mallorca-Rural.webp\",\"contentUrl\":\"https:\\\/\\\/mallorcarural.cat\\\/wp-content\\\/uploads\\\/2024\\\/01\\\/La-capital-del-Raiguer-sha-adherit-a-lAssociacio-Mallorca-Rural.webp\",\"width\":490,\"height\":368},{\"@type\":\"BreadcrumbList\",\"@id\":\"https:\\\/\\\/mallorcarural.cat\\\/es\\\/la-capital-del-raiguer-se-ha-adherido-a-la-asociacion-mallorca-rural\\\/#breadcrumb\",\"itemListElement\":[{\"@type\":\"ListItem\",\"position\":1,\"name\":\"Portada\",\"item\":\"https:\\\/\\\/mallorcarural.cat\\\/es\\\/\"},{\"@type\":\"ListItem\",\"position\":2,\"name\":\"La capital del Raiguer se ha adherido a la Asociaci\u00f3n Mallorca Rural\"}]},{\"@type\":\"WebSite\",\"@id\":\"https:\\\/\\\/mallorcarural.cat\\\/es\\\/#website\",\"url\":\"https:\\\/\\\/mallorcarural.cat\\\/es\\\/\",\"name\":\"Mallorca Rural\",\"description\":\"\",\"potentialAction\":[{\"@type\":\"SearchAction\",\"target\":{\"@type\":\"EntryPoint\",\"urlTemplate\":\"https:\\\/\\\/mallorcarural.cat\\\/es\\\/?s={search_term_string}\"},\"query-input\":{\"@type\":\"PropertyValueSpecification\",\"valueRequired\":true,\"valueName\":\"search_term_string\"}}],\"inLanguage\":\"es-ES\"},{\"@type\":\"Person\",\"@id\":\"https:\\\/\\\/mallorcarural.cat\\\/es\\\/#\\\/schema\\\/person\\\/61dd5f77528bf779c6d6e05efcd8b1d1\",\"name\":\"ruraladmin\",\"image\":{\"@type\":\"ImageObject\",\"inLanguage\":\"es-ES\",\"@id\":\"https:\\\/\\\/secure.gravatar.com\\\/avatar\\\/0594df47e61094b218484d4eb153c0ca5d85f72ee62f4eff63ce62b90b7eb8d6?s=96&d=mm&r=g\",\"url\":\"https:\\\/\\\/secure.gravatar.com\\\/avatar\\\/0594df47e61094b218484d4eb153c0ca5d85f72ee62f4eff63ce62b90b7eb8d6?s=96&d=mm&r=g\",\"contentUrl\":\"https:\\\/\\\/secure.gravatar.com\\\/avatar\\\/0594df47e61094b218484d4eb153c0ca5d85f72ee62f4eff63ce62b90b7eb8d6?s=96&d=mm&r=g\",\"caption\":\"ruraladmin\"}}]}<\/script>\n<!-- \/ Yoast SEO plugin. -->","yoast_head_json":{"title":"La capital del Raiguer se ha adherido a la Asociaci\u00f3n Mallorca Rural - Mallorca Rural","robots":{"index":"index","follow":"follow","max-snippet":"max-snippet:-1","max-image-preview":"max-image-preview:large","max-video-preview":"max-video-preview:-1"},"canonical":"https:\/\/mallorcarural.cat\/es\/la-capital-del-raiguer-se-ha-adherido-a-la-asociacion-mallorca-rural\/","og_locale":"es_ES","og_type":"article","og_title":"La capital del Raiguer se ha adherido a la Asociaci\u00f3n Mallorca Rural - Mallorca Rural","og_description":"La capital del Raiguer se ha adherido a la Asociaci\u00f3n [...]","og_url":"https:\/\/mallorcarural.cat\/es\/la-capital-del-raiguer-se-ha-adherido-a-la-asociacion-mallorca-rural\/","og_site_name":"Mallorca Rural","article_published_time":"2022-04-19T12:27:47+00:00","article_modified_time":"2024-02-21T09:32:28+00:00","og_image":[{"width":490,"height":368,"url":"https:\/\/mallorcarural.cat\/wp-content\/uploads\/2024\/01\/La-capital-del-Raiguer-sha-adherit-a-lAssociacio-Mallorca-Rural.webp","type":"image\/webp"}],"author":"ruraladmin","twitter_card":"summary_large_image","twitter_misc":{"Written by":"ruraladmin","Est. reading time":"1 minute"},"schema":{"@context":"https:\/\/schema.org","@graph":[{"@type":"Article","@id":"https:\/\/mallorcarural.cat\/es\/la-capital-del-raiguer-se-ha-adherido-a-la-asociacion-mallorca-rural\/#article","isPartOf":{"@id":"https:\/\/mallorcarural.cat\/es\/la-capital-del-raiguer-se-ha-adherido-a-la-asociacion-mallorca-rural\/"},"author":{"name":"ruraladmin","@id":"https:\/\/mallorcarural.cat\/es\/#\/schema\/person\/61dd5f77528bf779c6d6e05efcd8b1d1"},"headline":"La capital del Raiguer se ha adherido a la Asociaci\u00f3n Mallorca Rural","datePublished":"2022-04-19T12:27:47+00:00","dateModified":"2024-02-21T09:32:28+00:00","mainEntityOfPage":{"@id":"https:\/\/mallorcarural.cat\/es\/la-capital-del-raiguer-se-ha-adherido-a-la-asociacion-mallorca-rural\/"},"wordCount":85,"image":{"@id":"https:\/\/mallorcarural.cat\/es\/la-capital-del-raiguer-se-ha-adherido-a-la-asociacion-mallorca-rural\/#primaryimage"},"thumbnailUrl":"https:\/\/mallorcarural.cat\/wp-content\/uploads\/2024\/01\/La-capital-del-Raiguer-sha-adherit-a-lAssociacio-Mallorca-Rural.webp","articleSection":["Sin categorizar"],"inLanguage":"es-ES"},{"@type":"WebPage","@id":"https:\/\/mallorcarural.cat\/es\/la-capital-del-raiguer-se-ha-adherido-a-la-asociacion-mallorca-rural\/","url":"https:\/\/mallorcarural.cat\/es\/la-capital-del-raiguer-se-ha-adherido-a-la-asociacion-mallorca-rural\/","name":"La capital del Raiguer se ha adherido a la Asociaci\u00f3n Mallorca Rural - Mallorca Rural","isPartOf":{"@id":"https:\/\/mallorcarural.cat\/es\/#website"},"primaryImageOfPage":{"@id":"https:\/\/mallorcarural.cat\/es\/la-capital-del-raiguer-se-ha-adherido-a-la-asociacion-mallorca-rural\/#primaryimage"},"image":{"@id":"https:\/\/mallorcarural.cat\/es\/la-capital-del-raiguer-se-ha-adherido-a-la-asociacion-mallorca-rural\/#primaryimage"},"thumbnailUrl":"https:\/\/mallorcarural.cat\/wp-content\/uploads\/2024\/01\/La-capital-del-Raiguer-sha-adherit-a-lAssociacio-Mallorca-Rural.webp","datePublished":"2022-04-19T12:27:47+00:00","dateModified":"2024-02-21T09:32:28+00:00","author":{"@id":"https:\/\/mallorcarural.cat\/es\/#\/schema\/person\/61dd5f77528bf779c6d6e05efcd8b1d1"},"breadcrumb":{"@id":"https:\/\/mallorcarural.cat\/es\/la-capital-del-raiguer-se-ha-adherido-a-la-asociacion-mallorca-rural\/#breadcrumb"},"inLanguage":"es-ES","potentialAction":[{"@type":"ReadAction","target":["https:\/\/mallorcarural.cat\/es\/la-capital-del-raiguer-se-ha-adherido-a-la-asociacion-mallorca-rural\/"]}]},{"@type":"ImageObject","inLanguage":"es-ES","@id":"https:\/\/mallorcarural.cat\/es\/la-capital-del-raiguer-se-ha-adherido-a-la-asociacion-mallorca-rural\/#primaryimage","url":"https:\/\/mallorcarural.cat\/wp-content\/uploads\/2024\/01\/La-capital-del-Raiguer-sha-adherit-a-lAssociacio-Mallorca-Rural.webp","contentUrl":"https:\/\/mallorcarural.cat\/wp-content\/uploads\/2024\/01\/La-capital-del-Raiguer-sha-adherit-a-lAssociacio-Mallorca-Rural.webp","width":490,"height":368},{"@type":"BreadcrumbList","@id":"https:\/\/mallorcarural.cat\/es\/la-capital-del-raiguer-se-ha-adherido-a-la-asociacion-mallorca-rural\/#breadcrumb","itemListElement":[{"@type":"ListItem","position":1,"name":"Portada","item":"https:\/\/mallorcarural.cat\/es\/"},{"@type":"ListItem","position":2,"name":"La capital del Raiguer se ha adherido a la Asociaci\u00f3n Mallorca Rural"}]},{"@type":"WebSite","@id":"https:\/\/mallorcarural.cat\/es\/#website","url":"https:\/\/mallorcarural.cat\/es\/","name":"Mallorca Rural","description":"","potentialAction":[{"@type":"SearchAction","target":{"@type":"EntryPoint","urlTemplate":"https:\/\/mallorcarural.cat\/es\/?s={search_term_string}"},"query-input":{"@type":"PropertyValueSpecification","valueRequired":true,"valueName":"search_term_string"}}],"inLanguage":"es-ES"},{"@type":"Person","@id":"https:\/\/mallorcarural.cat\/es\/#\/schema\/person\/61dd5f77528bf779c6d6e05efcd8b1d1","name":"ruraladmin","image":{"@type":"ImageObject","inLanguage":"es-ES","@id":"https:\/\/secure.gravatar.com\/avatar\/0594df47e61094b218484d4eb153c0ca5d85f72ee62f4eff63ce62b90b7eb8d6?s=96&d=mm&r=g","url":"https:\/\/secure.gravatar.com\/avatar\/0594df47e61094b218484d4eb153c0ca5d85f72ee62f4eff63ce62b90b7eb8d6?s=96&d=mm&r=g","contentUrl":"https:\/\/secure.gravatar.com\/avatar\/0594df47e61094b218484d4eb153c0ca5d85f72ee62f4eff63ce62b90b7eb8d6?s=96&d=mm&r=g","caption":"ruraladmin"}}]}},"_links":{"self":[{"href":"https:\/\/mallorcarural.cat\/es\/wp-json\/wp\/v2\/posts\/1798","targetHints":{"allow":["GET"]}}],"collection":[{"href":"https:\/\/mallorcarural.cat\/es\/wp-json\/wp\/v2\/posts"}],"about":[{"href":"https:\/\/mallorcarural.cat\/es\/wp-json\/wp\/v2\/types\/post"}],"author":[{"embeddable":true,"href":"https:\/\/mallorcarural.cat\/es\/wp-json\/wp\/v2\/users\/2"}],"replies":[{"embeddable":true,"href":"https:\/\/mallorcarural.cat\/es\/wp-json\/wp\/v2\/comments?post=1798"}],"version-history":[{"count":1,"href":"https:\/\/mallorcarural.cat\/es\/wp-json\/wp\/v2\/posts\/1798\/revisions"}],"predecessor-version":[{"id":1799,"href":"https:\/\/mallorcarural.cat\/es\/wp-json\/wp\/v2\/posts\/1798\/revisions\/1799"}],"wp:featuredmedia":[{"embeddable":true,"href":"https:\/\/mallorcarural.cat\/es\/wp-json\/wp\/v2\/media\/1245"}],"wp:attachment":[{"href":"https:\/\/mallorcarural.cat\/es\/wp-json\/wp\/v2\/media?parent=1798"}],"wp:term":[{"taxonomy":"category","embeddable":true,"href":"https:\/\/mallorcarural.cat\/es\/wp-json\/wp\/v2\/categories?post=1798"},{"taxonomy":"post_tag","embeddable":true,"href":"https:\/\/mallorcarural.cat\/es\/wp-json\/wp\/v2\/tags?post=1798"}],"curies":[{"name":"wp","href":"https:\/\/api.w.org\/{rel}","templated":true}]}}