{"id":1740,"date":"2023-03-10T14:41:47","date_gmt":"2023-03-10T13:41:47","guid":{"rendered":"https:\/\/wp.mallorcarural.cat\/mallorca-rural-inicia-el-proces-obert-per-lelaboracio-de-lestrategia-de-desenvolupament-local\/"},"modified":"2024-02-21T09:30:56","modified_gmt":"2024-02-21T08:30:56","slug":"mallorca-rural-inicia-el-proceso-abierto-para-la-elaboracion-de-la-estrategia-de-desarrollo-local-patricipativo","status":"publish","type":"post","link":"https:\/\/mallorcarural.cat\/es\/mallorca-rural-inicia-el-proceso-abierto-para-la-elaboracion-de-la-estrategia-de-desarrollo-local-patricipativo\/","title":{"rendered":"Mallorca Rural inicia el proceso abierto para la elaboraci\u00f3n de la Estrategia de Desarrollo Local Patricipativo"},"content":{"rendered":"<p>Mallorca Rural ha dado el pistoletazo de salida a la creaci\u00f3n de la nueva Estrategia de Desarrollo Local Participativo (EDLP) de Mallorca Rural, un documento estrat\u00e9gico que pretende definir los retos, objetivos, l\u00edneas de trabajo y plan de acci\u00f3n para el territorio LEADER de Mallorca para el per\u00edodo 2023-2027.<\/p>\n<p>Mallorca Rural es el Grupo de Acci\u00f3n Local que tiene como misi\u00f3n impulsar la innovaci\u00f3n y el desarrollo sostenible de las zonas rurales de Mallorca, a trav\u00e9s de la definici\u00f3n de esta Estrategia que integre la visi\u00f3n de los principales agentes del territorio para fomentar proyectos regionales estrat\u00e9gicos y la emprendedur\u00eda, gracias al programa europeo LEADER que se integra en el Plan de Desarrollo Rural (PDR) de las Islas Baleares.<\/p>\n<p>Este proceso est\u00e1 abierto ya que esta hoja de ruta que nos guiar\u00e1 en los pr\u00f3ximos a\u00f1os debe ser fruto de la participaci\u00f3n de las administraciones locales, la ciudadan\u00eda, las empresas, aut\u00f3nomos y aut\u00f3nomas, asociaciones, y de otras entidades, que nos permitir\u00e1 alcanzar objetivos y actuaciones comunes que contribuyan al bienestar, transformaci\u00f3n y sostenibilidad de las \u00e1reas rurales de Mallorca. Por ello, se establecer\u00e1n diferentes canales y modos de participaci\u00f3n.<\/p>\n<p>Mediante un concurso de contrataci\u00f3n p\u00fablica, la consultora Techfriendly ha sido la ganadora del contrato que apoyar\u00e1 el proceso de participaci\u00f3n y redacci\u00f3n de esta EDLP.<\/p>\n<p>&nbsp;<\/p>\n","protected":false},"excerpt":{"rendered":"<p>Mallorca Rural ha dado el pistoletazo de salida a la  [&#8230;]<\/p>\n","protected":false},"author":2,"featured_media":1256,"comment_status":"closed","ping_status":"closed","sticky":false,"template":"","format":"standard","meta":{"footnotes":""},"categories":[15],"tags":[],"class_list":["post-1740","post","type-post","status-publish","format-standard","has-post-thumbnail","hentry","category-sin-categorizar"],"yoast_head":"<!-- This site is optimized with the Yoast SEO plugin v26.7 - https:\/\/yoast.com\/wordpress\/plugins\/seo\/ -->\n<title>Mallorca Rural inicia el proceso abierto para la elaboraci\u00f3n de la Estrategia de Desarrollo Local Patricipativo - Mallorca Rural<\/title>\n<meta name=\"robots\" content=\"index, follow, max-snippet:-1, max-image-preview:large, max-video-preview:-1\" \/>\n<link rel=\"canonical\" href=\"https:\/\/mallorcarural.cat\/es\/mallorca-rural-inicia-el-proceso-abierto-para-la-elaboracion-de-la-estrategia-de-desarrollo-local-patricipativo\/\" \/>\n<meta property=\"og:locale\" content=\"es_ES\" \/>\n<meta property=\"og:type\" content=\"article\" \/>\n<meta property=\"og:title\" content=\"Mallorca Rural inicia el proceso abierto para la elaboraci\u00f3n de la Estrategia de Desarrollo Local Patricipativo - Mallorca Rural\" \/>\n<meta property=\"og:description\" content=\"Mallorca Rural ha dado el pistoletazo de salida a la [...]\" \/>\n<meta property=\"og:url\" content=\"https:\/\/mallorcarural.cat\/es\/mallorca-rural-inicia-el-proceso-abierto-para-la-elaboracion-de-la-estrategia-de-desarrollo-local-patricipativo\/\" \/>\n<meta property=\"og:site_name\" content=\"Mallorca Rural\" \/>\n<meta property=\"article:published_time\" content=\"2023-03-10T13:41:47+00:00\" \/>\n<meta property=\"article:modified_time\" content=\"2024-02-21T08:30:56+00:00\" \/>\n<meta property=\"og:image\" content=\"https:\/\/mallorcarural.cat\/wp-content\/uploads\/2024\/01\/MALLORCA-RURAL-INICIA-EL-PROCES-OBERT-PER-LELABORACIO-DE-LESTRATEGIA-DE-DESENVOLUPAMENT-LOCAL.webp\" \/>\n\t<meta property=\"og:image:width\" content=\"490\" \/>\n\t<meta property=\"og:image:height\" content=\"368\" \/>\n\t<meta property=\"og:image:type\" content=\"image\/webp\" \/>\n<meta name=\"author\" content=\"ruraladmin\" \/>\n<meta name=\"twitter:card\" content=\"summary_large_image\" \/>\n<meta name=\"twitter:label1\" content=\"Escrito por\" \/>\n\t<meta name=\"twitter:data1\" content=\"ruraladmin\" \/>\n\t<meta name=\"twitter:label2\" content=\"Tiempo de lectura\" \/>\n\t<meta name=\"twitter:data2\" content=\"2 minutos\" \/>\n<script type=\"application\/ld+json\" class=\"yoast-schema-graph\">{\"@context\":\"https:\/\/schema.org\",\"@graph\":[{\"@type\":\"Article\",\"@id\":\"https:\/\/mallorcarural.cat\/es\/mallorca-rural-inicia-el-proceso-abierto-para-la-elaboracion-de-la-estrategia-de-desarrollo-local-patricipativo\/#article\",\"isPartOf\":{\"@id\":\"https:\/\/mallorcarural.cat\/es\/mallorca-rural-inicia-el-proceso-abierto-para-la-elaboracion-de-la-estrategia-de-desarrollo-local-patricipativo\/\"},\"author\":{\"name\":\"ruraladmin\",\"@id\":\"https:\/\/mallorcarural.cat\/es\/#\/schema\/person\/91479deb73e5ee2a05e8e48e2c92c4f1\"},\"headline\":\"Mallorca Rural inicia el proceso abierto para la elaboraci\u00f3n de la Estrategia de Desarrollo Local Patricipativo\",\"datePublished\":\"2023-03-10T13:41:47+00:00\",\"dateModified\":\"2024-02-21T08:30:56+00:00\",\"mainEntityOfPage\":{\"@id\":\"https:\/\/mallorcarural.cat\/es\/mallorca-rural-inicia-el-proceso-abierto-para-la-elaboracion-de-la-estrategia-de-desarrollo-local-patricipativo\/\"},\"wordCount\":259,\"image\":{\"@id\":\"https:\/\/mallorcarural.cat\/es\/mallorca-rural-inicia-el-proceso-abierto-para-la-elaboracion-de-la-estrategia-de-desarrollo-local-patricipativo\/#primaryimage\"},\"thumbnailUrl\":\"https:\/\/mallorcarural.cat\/wp-content\/uploads\/2024\/01\/MALLORCA-RURAL-INICIA-EL-PROCES-OBERT-PER-LELABORACIO-DE-LESTRATEGIA-DE-DESENVOLUPAMENT-LOCAL.webp\",\"articleSection\":[\"Sin categorizar\"],\"inLanguage\":\"es\"},{\"@type\":\"WebPage\",\"@id\":\"https:\/\/mallorcarural.cat\/es\/mallorca-rural-inicia-el-proceso-abierto-para-la-elaboracion-de-la-estrategia-de-desarrollo-local-patricipativo\/\",\"url\":\"https:\/\/mallorcarural.cat\/es\/mallorca-rural-inicia-el-proceso-abierto-para-la-elaboracion-de-la-estrategia-de-desarrollo-local-patricipativo\/\",\"name\":\"Mallorca Rural inicia el proceso abierto para la elaboraci\u00f3n de la Estrategia de Desarrollo Local Patricipativo - Mallorca Rural\",\"isPartOf\":{\"@id\":\"https:\/\/mallorcarural.cat\/es\/#website\"},\"primaryImageOfPage\":{\"@id\":\"https:\/\/mallorcarural.cat\/es\/mallorca-rural-inicia-el-proceso-abierto-para-la-elaboracion-de-la-estrategia-de-desarrollo-local-patricipativo\/#primaryimage\"},\"image\":{\"@id\":\"https:\/\/mallorcarural.cat\/es\/mallorca-rural-inicia-el-proceso-abierto-para-la-elaboracion-de-la-estrategia-de-desarrollo-local-patricipativo\/#primaryimage\"},\"thumbnailUrl\":\"https:\/\/mallorcarural.cat\/wp-content\/uploads\/2024\/01\/MALLORCA-RURAL-INICIA-EL-PROCES-OBERT-PER-LELABORACIO-DE-LESTRATEGIA-DE-DESENVOLUPAMENT-LOCAL.webp\",\"datePublished\":\"2023-03-10T13:41:47+00:00\",\"dateModified\":\"2024-02-21T08:30:56+00:00\",\"author\":{\"@id\":\"https:\/\/mallorcarural.cat\/es\/#\/schema\/person\/91479deb73e5ee2a05e8e48e2c92c4f1\"},\"breadcrumb\":{\"@id\":\"https:\/\/mallorcarural.cat\/es\/mallorca-rural-inicia-el-proceso-abierto-para-la-elaboracion-de-la-estrategia-de-desarrollo-local-patricipativo\/#breadcrumb\"},\"inLanguage\":\"es\",\"potentialAction\":[{\"@type\":\"ReadAction\",\"target\":[\"https:\/\/mallorcarural.cat\/es\/mallorca-rural-inicia-el-proceso-abierto-para-la-elaboracion-de-la-estrategia-de-desarrollo-local-patricipativo\/\"]}]},{\"@type\":\"ImageObject\",\"inLanguage\":\"es\",\"@id\":\"https:\/\/mallorcarural.cat\/es\/mallorca-rural-inicia-el-proceso-abierto-para-la-elaboracion-de-la-estrategia-de-desarrollo-local-patricipativo\/#primaryimage\",\"url\":\"https:\/\/mallorcarural.cat\/wp-content\/uploads\/2024\/01\/MALLORCA-RURAL-INICIA-EL-PROCES-OBERT-PER-LELABORACIO-DE-LESTRATEGIA-DE-DESENVOLUPAMENT-LOCAL.webp\",\"contentUrl\":\"https:\/\/mallorcarural.cat\/wp-content\/uploads\/2024\/01\/MALLORCA-RURAL-INICIA-EL-PROCES-OBERT-PER-LELABORACIO-DE-LESTRATEGIA-DE-DESENVOLUPAMENT-LOCAL.webp\",\"width\":490,\"height\":368},{\"@type\":\"BreadcrumbList\",\"@id\":\"https:\/\/mallorcarural.cat\/es\/mallorca-rural-inicia-el-proceso-abierto-para-la-elaboracion-de-la-estrategia-de-desarrollo-local-patricipativo\/#breadcrumb\",\"itemListElement\":[{\"@type\":\"ListItem\",\"position\":1,\"name\":\"Portada\",\"item\":\"https:\/\/mallorcarural.cat\/es\/\"},{\"@type\":\"ListItem\",\"position\":2,\"name\":\"Mallorca Rural inicia el proceso abierto para la elaboraci\u00f3n de la Estrategia de Desarrollo Local Patricipativo\"}]},{\"@type\":\"WebSite\",\"@id\":\"https:\/\/mallorcarural.cat\/es\/#website\",\"url\":\"https:\/\/mallorcarural.cat\/es\/\",\"name\":\"Mallorca Rural\",\"description\":\"\",\"potentialAction\":[{\"@type\":\"SearchAction\",\"target\":{\"@type\":\"EntryPoint\",\"urlTemplate\":\"https:\/\/mallorcarural.cat\/es\/?s={search_term_string}\"},\"query-input\":{\"@type\":\"PropertyValueSpecification\",\"valueRequired\":true,\"valueName\":\"search_term_string\"}}],\"inLanguage\":\"es\"},{\"@type\":\"Person\",\"@id\":\"https:\/\/mallorcarural.cat\/es\/#\/schema\/person\/91479deb73e5ee2a05e8e48e2c92c4f1\",\"name\":\"ruraladmin\",\"image\":{\"@type\":\"ImageObject\",\"inLanguage\":\"es\",\"@id\":\"https:\/\/mallorcarural.cat\/es\/#\/schema\/person\/image\/\",\"url\":\"https:\/\/secure.gravatar.com\/avatar\/0594df47e61094b218484d4eb153c0ca5d85f72ee62f4eff63ce62b90b7eb8d6?s=96&d=mm&r=g\",\"contentUrl\":\"https:\/\/secure.gravatar.com\/avatar\/0594df47e61094b218484d4eb153c0ca5d85f72ee62f4eff63ce62b90b7eb8d6?s=96&d=mm&r=g\",\"caption\":\"ruraladmin\"}}]}<\/script>\n<!-- \/ Yoast SEO plugin. -->","yoast_head_json":{"title":"Mallorca Rural inicia el proceso abierto para la elaboraci\u00f3n de la Estrategia de Desarrollo Local Patricipativo - Mallorca Rural","robots":{"index":"index","follow":"follow","max-snippet":"max-snippet:-1","max-image-preview":"max-image-preview:large","max-video-preview":"max-video-preview:-1"},"canonical":"https:\/\/mallorcarural.cat\/es\/mallorca-rural-inicia-el-proceso-abierto-para-la-elaboracion-de-la-estrategia-de-desarrollo-local-patricipativo\/","og_locale":"es_ES","og_type":"article","og_title":"Mallorca Rural inicia el proceso abierto para la elaboraci\u00f3n de la Estrategia de Desarrollo Local Patricipativo - Mallorca Rural","og_description":"Mallorca Rural ha dado el pistoletazo de salida a la [...]","og_url":"https:\/\/mallorcarural.cat\/es\/mallorca-rural-inicia-el-proceso-abierto-para-la-elaboracion-de-la-estrategia-de-desarrollo-local-patricipativo\/","og_site_name":"Mallorca Rural","article_published_time":"2023-03-10T13:41:47+00:00","article_modified_time":"2024-02-21T08:30:56+00:00","og_image":[{"width":490,"height":368,"url":"https:\/\/mallorcarural.cat\/wp-content\/uploads\/2024\/01\/MALLORCA-RURAL-INICIA-EL-PROCES-OBERT-PER-LELABORACIO-DE-LESTRATEGIA-DE-DESENVOLUPAMENT-LOCAL.webp","type":"image\/webp"}],"author":"ruraladmin","twitter_card":"summary_large_image","twitter_misc":{"Escrito por":"ruraladmin","Tiempo de lectura":"2 minutos"},"schema":{"@context":"https:\/\/schema.org","@graph":[{"@type":"Article","@id":"https:\/\/mallorcarural.cat\/es\/mallorca-rural-inicia-el-proceso-abierto-para-la-elaboracion-de-la-estrategia-de-desarrollo-local-patricipativo\/#article","isPartOf":{"@id":"https:\/\/mallorcarural.cat\/es\/mallorca-rural-inicia-el-proceso-abierto-para-la-elaboracion-de-la-estrategia-de-desarrollo-local-patricipativo\/"},"author":{"name":"ruraladmin","@id":"https:\/\/mallorcarural.cat\/es\/#\/schema\/person\/91479deb73e5ee2a05e8e48e2c92c4f1"},"headline":"Mallorca Rural inicia el proceso abierto para la elaboraci\u00f3n de la Estrategia de Desarrollo Local Patricipativo","datePublished":"2023-03-10T13:41:47+00:00","dateModified":"2024-02-21T08:30:56+00:00","mainEntityOfPage":{"@id":"https:\/\/mallorcarural.cat\/es\/mallorca-rural-inicia-el-proceso-abierto-para-la-elaboracion-de-la-estrategia-de-desarrollo-local-patricipativo\/"},"wordCount":259,"image":{"@id":"https:\/\/mallorcarural.cat\/es\/mallorca-rural-inicia-el-proceso-abierto-para-la-elaboracion-de-la-estrategia-de-desarrollo-local-patricipativo\/#primaryimage"},"thumbnailUrl":"https:\/\/mallorcarural.cat\/wp-content\/uploads\/2024\/01\/MALLORCA-RURAL-INICIA-EL-PROCES-OBERT-PER-LELABORACIO-DE-LESTRATEGIA-DE-DESENVOLUPAMENT-LOCAL.webp","articleSection":["Sin categorizar"],"inLanguage":"es"},{"@type":"WebPage","@id":"https:\/\/mallorcarural.cat\/es\/mallorca-rural-inicia-el-proceso-abierto-para-la-elaboracion-de-la-estrategia-de-desarrollo-local-patricipativo\/","url":"https:\/\/mallorcarural.cat\/es\/mallorca-rural-inicia-el-proceso-abierto-para-la-elaboracion-de-la-estrategia-de-desarrollo-local-patricipativo\/","name":"Mallorca Rural inicia el proceso abierto para la elaboraci\u00f3n de la Estrategia de Desarrollo Local Patricipativo - Mallorca Rural","isPartOf":{"@id":"https:\/\/mallorcarural.cat\/es\/#website"},"primaryImageOfPage":{"@id":"https:\/\/mallorcarural.cat\/es\/mallorca-rural-inicia-el-proceso-abierto-para-la-elaboracion-de-la-estrategia-de-desarrollo-local-patricipativo\/#primaryimage"},"image":{"@id":"https:\/\/mallorcarural.cat\/es\/mallorca-rural-inicia-el-proceso-abierto-para-la-elaboracion-de-la-estrategia-de-desarrollo-local-patricipativo\/#primaryimage"},"thumbnailUrl":"https:\/\/mallorcarural.cat\/wp-content\/uploads\/2024\/01\/MALLORCA-RURAL-INICIA-EL-PROCES-OBERT-PER-LELABORACIO-DE-LESTRATEGIA-DE-DESENVOLUPAMENT-LOCAL.webp","datePublished":"2023-03-10T13:41:47+00:00","dateModified":"2024-02-21T08:30:56+00:00","author":{"@id":"https:\/\/mallorcarural.cat\/es\/#\/schema\/person\/91479deb73e5ee2a05e8e48e2c92c4f1"},"breadcrumb":{"@id":"https:\/\/mallorcarural.cat\/es\/mallorca-rural-inicia-el-proceso-abierto-para-la-elaboracion-de-la-estrategia-de-desarrollo-local-patricipativo\/#breadcrumb"},"inLanguage":"es","potentialAction":[{"@type":"ReadAction","target":["https:\/\/mallorcarural.cat\/es\/mallorca-rural-inicia-el-proceso-abierto-para-la-elaboracion-de-la-estrategia-de-desarrollo-local-patricipativo\/"]}]},{"@type":"ImageObject","inLanguage":"es","@id":"https:\/\/mallorcarural.cat\/es\/mallorca-rural-inicia-el-proceso-abierto-para-la-elaboracion-de-la-estrategia-de-desarrollo-local-patricipativo\/#primaryimage","url":"https:\/\/mallorcarural.cat\/wp-content\/uploads\/2024\/01\/MALLORCA-RURAL-INICIA-EL-PROCES-OBERT-PER-LELABORACIO-DE-LESTRATEGIA-DE-DESENVOLUPAMENT-LOCAL.webp","contentUrl":"https:\/\/mallorcarural.cat\/wp-content\/uploads\/2024\/01\/MALLORCA-RURAL-INICIA-EL-PROCES-OBERT-PER-LELABORACIO-DE-LESTRATEGIA-DE-DESENVOLUPAMENT-LOCAL.webp","width":490,"height":368},{"@type":"BreadcrumbList","@id":"https:\/\/mallorcarural.cat\/es\/mallorca-rural-inicia-el-proceso-abierto-para-la-elaboracion-de-la-estrategia-de-desarrollo-local-patricipativo\/#breadcrumb","itemListElement":[{"@type":"ListItem","position":1,"name":"Portada","item":"https:\/\/mallorcarural.cat\/es\/"},{"@type":"ListItem","position":2,"name":"Mallorca Rural inicia el proceso abierto para la elaboraci\u00f3n de la Estrategia de Desarrollo Local Patricipativo"}]},{"@type":"WebSite","@id":"https:\/\/mallorcarural.cat\/es\/#website","url":"https:\/\/mallorcarural.cat\/es\/","name":"Mallorca Rural","description":"","potentialAction":[{"@type":"SearchAction","target":{"@type":"EntryPoint","urlTemplate":"https:\/\/mallorcarural.cat\/es\/?s={search_term_string}"},"query-input":{"@type":"PropertyValueSpecification","valueRequired":true,"valueName":"search_term_string"}}],"inLanguage":"es"},{"@type":"Person","@id":"https:\/\/mallorcarural.cat\/es\/#\/schema\/person\/91479deb73e5ee2a05e8e48e2c92c4f1","name":"ruraladmin","image":{"@type":"ImageObject","inLanguage":"es","@id":"https:\/\/mallorcarural.cat\/es\/#\/schema\/person\/image\/","url":"https:\/\/secure.gravatar.com\/avatar\/0594df47e61094b218484d4eb153c0ca5d85f72ee62f4eff63ce62b90b7eb8d6?s=96&d=mm&r=g","contentUrl":"https:\/\/secure.gravatar.com\/avatar\/0594df47e61094b218484d4eb153c0ca5d85f72ee62f4eff63ce62b90b7eb8d6?s=96&d=mm&r=g","caption":"ruraladmin"}}]}},"_links":{"self":[{"href":"https:\/\/mallorcarural.cat\/es\/wp-json\/wp\/v2\/posts\/1740","targetHints":{"allow":["GET"]}}],"collection":[{"href":"https:\/\/mallorcarural.cat\/es\/wp-json\/wp\/v2\/posts"}],"about":[{"href":"https:\/\/mallorcarural.cat\/es\/wp-json\/wp\/v2\/types\/post"}],"author":[{"embeddable":true,"href":"https:\/\/mallorcarural.cat\/es\/wp-json\/wp\/v2\/users\/2"}],"replies":[{"embeddable":true,"href":"https:\/\/mallorcarural.cat\/es\/wp-json\/wp\/v2\/comments?post=1740"}],"version-history":[{"count":2,"href":"https:\/\/mallorcarural.cat\/es\/wp-json\/wp\/v2\/posts\/1740\/revisions"}],"predecessor-version":[{"id":1771,"href":"https:\/\/mallorcarural.cat\/es\/wp-json\/wp\/v2\/posts\/1740\/revisions\/1771"}],"wp:featuredmedia":[{"embeddable":true,"href":"https:\/\/mallorcarural.cat\/es\/wp-json\/wp\/v2\/media\/1256"}],"wp:attachment":[{"href":"https:\/\/mallorcarural.cat\/es\/wp-json\/wp\/v2\/media?parent=1740"}],"wp:term":[{"taxonomy":"category","embeddable":true,"href":"https:\/\/mallorcarural.cat\/es\/wp-json\/wp\/v2\/categories?post=1740"},{"taxonomy":"post_tag","embeddable":true,"href":"https:\/\/mallorcarural.cat\/es\/wp-json\/wp\/v2\/tags?post=1740"}],"curies":[{"name":"wp","href":"https:\/\/api.w.org\/{rel}","templated":true}]}}