{"id":1733,"date":"2023-04-14T14:44:12","date_gmt":"2023-04-14T12:44:12","guid":{"rendered":"https:\/\/wp.mallorcarural.cat\/mallorca-rural-impulsa-accions-per-promoure-la-revaloritzacio-del-preu-de-la-llana-al-sector-ramader\/"},"modified":"2024-02-21T09:29:51","modified_gmt":"2024-02-21T08:29:51","slug":"mallorca-rural-impulsa-acciones-para-promover-la-revalorizacion-del-precio-de-la-lana-en-el-sector-ganadero","status":"publish","type":"post","link":"https:\/\/mallorcarural.cat\/es\/mallorca-rural-impulsa-acciones-para-promover-la-revalorizacion-del-precio-de-la-lana-en-el-sector-ganadero\/","title":{"rendered":"Mallorca Rural impulsa acciones para promover la revalorizaci\u00f3n del precio de la lana en el sector ganadero"},"content":{"rendered":"<p>Mallorca Rural prepara nuevas acciones dirigidas a implementar distintos usos en la lana de oveja y as\u00ed solucionar un problema existente y mejorar su comercializaci\u00f3n. En estos momentos la asociaci\u00f3n promueve la creaci\u00f3n de un grupo multisectorial integrado por todos los actores de la cadena de valor y los diferentes sectores que forman parte para definir y optimizar las actuaciones. Entre los participantes actualmente se encuentran cooperativas agroalimentarias, campesinos, asociaciones, artesanos, compradores, TIRME e investigadores de la UIB. Sin embargo, se pretende que sea un grupo din\u00e1mico y abierto a todo el mundo que quiera participar.<\/p>\n<p>&nbsp;<\/p>\n<p>&nbsp;<\/p>\n<p>&nbsp;<\/p>\n<p>Algunas de las pr\u00f3ximas actuaciones que est\u00e1n preparando, destacan:<\/p>\n<p>&nbsp;<\/p>\n<p>La formaci\u00f3n de ganaderos para producir lana de mayor calidad y su clasificaci\u00f3n en diferentes categor\u00edas<\/p>\n<p>Elaboraci\u00f3n de manuales de buenas pr\u00e1cticas para la tosa<\/p>\n<p>Centralizaci\u00f3n de la recogida y clasificaci\u00f3n de la lana para dar la mejor salida a cada tipo, mejorando as\u00ed su precio<\/p>\n<p>Aprovechamiento agr\u00edcola de la lana para compostaje en finca y en gran escala<\/p>\n<p>Trabajo con la administraci\u00f3n para agilizar estas acciones y tener garant\u00edas legales en relaci\u00f3n con la normativa actual que cataloga la lana como SANDACH.<\/p>\n<p>&nbsp;<\/p>\n<p>&nbsp;<\/p>\n<p>&nbsp;<\/p>\n<p>Estas actuaciones nacen en el marco de un Proyecto Propio de Mallorca Rural, financiado por el Programa comunitario LEADER a trav\u00e9s de los fondos europeos FEADER, el Ministerio de Agricultura, Pesca y Alimentaci\u00f3n y la Conselleria de Agricultura, Pesca y Alimentaci\u00f3n.<\/p>\n<p>&nbsp;<\/p>\n<p>&nbsp;<\/p>\n<p>&nbsp;<\/p>\n<p>En 2022, Mallorca Rural elabor\u00f3 un estudio para conocer la situaci\u00f3n del sector de la lana y las oportunidades existentes para hacer frente a su problem\u00e1tica que se ha visto agravada en los \u00faltimos a\u00f1os y que es la fuente de las actuaciones que ahora deben llevarse a cabo. Para la realizaci\u00f3n del estudio se entrevistaron a personas y entidades de diferentes sectores relacionados con la lana: productores, tonedores, almacenes y cooperativas, compradores peninsulares, lavaderos, sector de la bioconstrucci\u00f3n, sector agr\u00edcola y otros (administraci\u00f3n, servicios de gesti\u00f3n de residuos y personas, empresas y organizaciones vinculadas a la ganader\u00eda ovina oa la lana, de Mallorca y de la Pen\u00ednsula). De los 147 contactos realizados, se obtuvo respuesta de 131 personas. Adem\u00e1s, se realiz\u00f3 una extensa investigaci\u00f3n de la bibliograf\u00eda disponible sobre nuevas aplicaciones, y una recopilaci\u00f3n de experiencias publicadas en otros lugares del mundo.<\/p>\n<p>&nbsp;<\/p>\n<p>&nbsp;<\/p>\n<p>&nbsp;<\/p>\n<p>A partir de toda la informaci\u00f3n recopilada, se extrajeron unas conclusiones y se elaboraron unas propuestas de actuaci\u00f3n a corto, medio y largo plazo. Todo el trabajo realizado se present\u00f3 en una Jornada T\u00e9cnica el pasado 24 de noviembre de 2022 en Inca, en la que se transfirieron los resultados y se hizo una mesa redonda con experiencias de diferentes personas y entidades que ya est\u00e1n trabajando con usos alternativos.<\/p>\n<p>&nbsp;<\/p>\n<p>&nbsp;<\/p>\n<p>&nbsp;<\/p>\n<p>&nbsp;<\/p>\n","protected":false},"excerpt":{"rendered":"<p>Mallorca Rural prepara nuevas acciones dirigidas a implementar distintos usos  [&#8230;]<\/p>\n","protected":false},"author":2,"featured_media":1258,"comment_status":"closed","ping_status":"closed","sticky":false,"template":"","format":"standard","meta":{"footnotes":""},"categories":[15],"tags":[],"class_list":["post-1733","post","type-post","status-publish","format-standard","has-post-thumbnail","hentry","category-sin-categorizar"],"yoast_head":"<!-- This site is optimized with the Yoast SEO plugin v26.7 - https:\/\/yoast.com\/wordpress\/plugins\/seo\/ -->\n<title>Mallorca Rural impulsa acciones para promover la revalorizaci\u00f3n del precio de la lana en el sector ganadero - Mallorca Rural<\/title>\n<meta name=\"robots\" content=\"index, follow, max-snippet:-1, max-image-preview:large, max-video-preview:-1\" \/>\n<link rel=\"canonical\" href=\"https:\/\/mallorcarural.cat\/es\/mallorca-rural-impulsa-acciones-para-promover-la-revalorizacion-del-precio-de-la-lana-en-el-sector-ganadero\/\" \/>\n<meta property=\"og:locale\" content=\"es_ES\" \/>\n<meta property=\"og:type\" content=\"article\" \/>\n<meta property=\"og:title\" content=\"Mallorca Rural impulsa acciones para promover la revalorizaci\u00f3n del precio de la lana en el sector ganadero - Mallorca Rural\" \/>\n<meta property=\"og:description\" content=\"Mallorca Rural prepara nuevas acciones dirigidas a implementar distintos usos [...]\" \/>\n<meta property=\"og:url\" content=\"https:\/\/mallorcarural.cat\/es\/mallorca-rural-impulsa-acciones-para-promover-la-revalorizacion-del-precio-de-la-lana-en-el-sector-ganadero\/\" \/>\n<meta property=\"og:site_name\" content=\"Mallorca Rural\" \/>\n<meta property=\"article:published_time\" content=\"2023-04-14T12:44:12+00:00\" \/>\n<meta property=\"article:modified_time\" content=\"2024-02-21T08:29:51+00:00\" \/>\n<meta property=\"og:image\" content=\"https:\/\/mallorcarural.cat\/wp-content\/uploads\/2024\/01\/MALLORCA-RURAL-IMPULSA-ACCIONS-PER-PROMOURE-LA-REVALORITZACIO-DEL-PREU-DE-LA-LLANA-AL-SECTOR-RAMADER.webp\" \/>\n\t<meta property=\"og:image:width\" content=\"490\" \/>\n\t<meta property=\"og:image:height\" content=\"368\" \/>\n\t<meta property=\"og:image:type\" content=\"image\/webp\" \/>\n<meta name=\"author\" content=\"ruraladmin\" \/>\n<meta name=\"twitter:card\" content=\"summary_large_image\" \/>\n<meta name=\"twitter:label1\" content=\"Escrito por\" \/>\n\t<meta name=\"twitter:data1\" content=\"ruraladmin\" \/>\n\t<meta name=\"twitter:label2\" content=\"Tiempo de lectura\" \/>\n\t<meta name=\"twitter:data2\" content=\"3 minutos\" \/>\n<script type=\"application\/ld+json\" class=\"yoast-schema-graph\">{\"@context\":\"https:\/\/schema.org\",\"@graph\":[{\"@type\":\"Article\",\"@id\":\"https:\/\/mallorcarural.cat\/es\/mallorca-rural-impulsa-acciones-para-promover-la-revalorizacion-del-precio-de-la-lana-en-el-sector-ganadero\/#article\",\"isPartOf\":{\"@id\":\"https:\/\/mallorcarural.cat\/es\/mallorca-rural-impulsa-acciones-para-promover-la-revalorizacion-del-precio-de-la-lana-en-el-sector-ganadero\/\"},\"author\":{\"name\":\"ruraladmin\",\"@id\":\"https:\/\/mallorcarural.cat\/es\/#\/schema\/person\/91479deb73e5ee2a05e8e48e2c92c4f1\"},\"headline\":\"Mallorca Rural impulsa acciones para promover la revalorizaci\u00f3n del precio de la lana en el sector ganadero\",\"datePublished\":\"2023-04-14T12:44:12+00:00\",\"dateModified\":\"2024-02-21T08:29:51+00:00\",\"mainEntityOfPage\":{\"@id\":\"https:\/\/mallorcarural.cat\/es\/mallorca-rural-impulsa-acciones-para-promover-la-revalorizacion-del-precio-de-la-lana-en-el-sector-ganadero\/\"},\"wordCount\":510,\"image\":{\"@id\":\"https:\/\/mallorcarural.cat\/es\/mallorca-rural-impulsa-acciones-para-promover-la-revalorizacion-del-precio-de-la-lana-en-el-sector-ganadero\/#primaryimage\"},\"thumbnailUrl\":\"https:\/\/mallorcarural.cat\/wp-content\/uploads\/2024\/01\/MALLORCA-RURAL-IMPULSA-ACCIONS-PER-PROMOURE-LA-REVALORITZACIO-DEL-PREU-DE-LA-LLANA-AL-SECTOR-RAMADER.webp\",\"articleSection\":[\"Sin categorizar\"],\"inLanguage\":\"es\"},{\"@type\":\"WebPage\",\"@id\":\"https:\/\/mallorcarural.cat\/es\/mallorca-rural-impulsa-acciones-para-promover-la-revalorizacion-del-precio-de-la-lana-en-el-sector-ganadero\/\",\"url\":\"https:\/\/mallorcarural.cat\/es\/mallorca-rural-impulsa-acciones-para-promover-la-revalorizacion-del-precio-de-la-lana-en-el-sector-ganadero\/\",\"name\":\"Mallorca Rural impulsa acciones para promover la revalorizaci\u00f3n del precio de la lana en el sector ganadero - Mallorca Rural\",\"isPartOf\":{\"@id\":\"https:\/\/mallorcarural.cat\/es\/#website\"},\"primaryImageOfPage\":{\"@id\":\"https:\/\/mallorcarural.cat\/es\/mallorca-rural-impulsa-acciones-para-promover-la-revalorizacion-del-precio-de-la-lana-en-el-sector-ganadero\/#primaryimage\"},\"image\":{\"@id\":\"https:\/\/mallorcarural.cat\/es\/mallorca-rural-impulsa-acciones-para-promover-la-revalorizacion-del-precio-de-la-lana-en-el-sector-ganadero\/#primaryimage\"},\"thumbnailUrl\":\"https:\/\/mallorcarural.cat\/wp-content\/uploads\/2024\/01\/MALLORCA-RURAL-IMPULSA-ACCIONS-PER-PROMOURE-LA-REVALORITZACIO-DEL-PREU-DE-LA-LLANA-AL-SECTOR-RAMADER.webp\",\"datePublished\":\"2023-04-14T12:44:12+00:00\",\"dateModified\":\"2024-02-21T08:29:51+00:00\",\"author\":{\"@id\":\"https:\/\/mallorcarural.cat\/es\/#\/schema\/person\/91479deb73e5ee2a05e8e48e2c92c4f1\"},\"breadcrumb\":{\"@id\":\"https:\/\/mallorcarural.cat\/es\/mallorca-rural-impulsa-acciones-para-promover-la-revalorizacion-del-precio-de-la-lana-en-el-sector-ganadero\/#breadcrumb\"},\"inLanguage\":\"es\",\"potentialAction\":[{\"@type\":\"ReadAction\",\"target\":[\"https:\/\/mallorcarural.cat\/es\/mallorca-rural-impulsa-acciones-para-promover-la-revalorizacion-del-precio-de-la-lana-en-el-sector-ganadero\/\"]}]},{\"@type\":\"ImageObject\",\"inLanguage\":\"es\",\"@id\":\"https:\/\/mallorcarural.cat\/es\/mallorca-rural-impulsa-acciones-para-promover-la-revalorizacion-del-precio-de-la-lana-en-el-sector-ganadero\/#primaryimage\",\"url\":\"https:\/\/mallorcarural.cat\/wp-content\/uploads\/2024\/01\/MALLORCA-RURAL-IMPULSA-ACCIONS-PER-PROMOURE-LA-REVALORITZACIO-DEL-PREU-DE-LA-LLANA-AL-SECTOR-RAMADER.webp\",\"contentUrl\":\"https:\/\/mallorcarural.cat\/wp-content\/uploads\/2024\/01\/MALLORCA-RURAL-IMPULSA-ACCIONS-PER-PROMOURE-LA-REVALORITZACIO-DEL-PREU-DE-LA-LLANA-AL-SECTOR-RAMADER.webp\",\"width\":490,\"height\":368},{\"@type\":\"BreadcrumbList\",\"@id\":\"https:\/\/mallorcarural.cat\/es\/mallorca-rural-impulsa-acciones-para-promover-la-revalorizacion-del-precio-de-la-lana-en-el-sector-ganadero\/#breadcrumb\",\"itemListElement\":[{\"@type\":\"ListItem\",\"position\":1,\"name\":\"Portada\",\"item\":\"https:\/\/mallorcarural.cat\/es\/\"},{\"@type\":\"ListItem\",\"position\":2,\"name\":\"Mallorca Rural impulsa acciones para promover la revalorizaci\u00f3n del precio de la lana en el sector ganadero\"}]},{\"@type\":\"WebSite\",\"@id\":\"https:\/\/mallorcarural.cat\/es\/#website\",\"url\":\"https:\/\/mallorcarural.cat\/es\/\",\"name\":\"Mallorca Rural\",\"description\":\"\",\"potentialAction\":[{\"@type\":\"SearchAction\",\"target\":{\"@type\":\"EntryPoint\",\"urlTemplate\":\"https:\/\/mallorcarural.cat\/es\/?s={search_term_string}\"},\"query-input\":{\"@type\":\"PropertyValueSpecification\",\"valueRequired\":true,\"valueName\":\"search_term_string\"}}],\"inLanguage\":\"es\"},{\"@type\":\"Person\",\"@id\":\"https:\/\/mallorcarural.cat\/es\/#\/schema\/person\/91479deb73e5ee2a05e8e48e2c92c4f1\",\"name\":\"ruraladmin\",\"image\":{\"@type\":\"ImageObject\",\"inLanguage\":\"es\",\"@id\":\"https:\/\/mallorcarural.cat\/es\/#\/schema\/person\/image\/\",\"url\":\"https:\/\/secure.gravatar.com\/avatar\/0594df47e61094b218484d4eb153c0ca5d85f72ee62f4eff63ce62b90b7eb8d6?s=96&d=mm&r=g\",\"contentUrl\":\"https:\/\/secure.gravatar.com\/avatar\/0594df47e61094b218484d4eb153c0ca5d85f72ee62f4eff63ce62b90b7eb8d6?s=96&d=mm&r=g\",\"caption\":\"ruraladmin\"}}]}<\/script>\n<!-- \/ Yoast SEO plugin. -->","yoast_head_json":{"title":"Mallorca Rural impulsa acciones para promover la revalorizaci\u00f3n del precio de la lana en el sector ganadero - Mallorca Rural","robots":{"index":"index","follow":"follow","max-snippet":"max-snippet:-1","max-image-preview":"max-image-preview:large","max-video-preview":"max-video-preview:-1"},"canonical":"https:\/\/mallorcarural.cat\/es\/mallorca-rural-impulsa-acciones-para-promover-la-revalorizacion-del-precio-de-la-lana-en-el-sector-ganadero\/","og_locale":"es_ES","og_type":"article","og_title":"Mallorca Rural impulsa acciones para promover la revalorizaci\u00f3n del precio de la lana en el sector ganadero - Mallorca Rural","og_description":"Mallorca Rural prepara nuevas acciones dirigidas a implementar distintos usos [...]","og_url":"https:\/\/mallorcarural.cat\/es\/mallorca-rural-impulsa-acciones-para-promover-la-revalorizacion-del-precio-de-la-lana-en-el-sector-ganadero\/","og_site_name":"Mallorca Rural","article_published_time":"2023-04-14T12:44:12+00:00","article_modified_time":"2024-02-21T08:29:51+00:00","og_image":[{"width":490,"height":368,"url":"https:\/\/mallorcarural.cat\/wp-content\/uploads\/2024\/01\/MALLORCA-RURAL-IMPULSA-ACCIONS-PER-PROMOURE-LA-REVALORITZACIO-DEL-PREU-DE-LA-LLANA-AL-SECTOR-RAMADER.webp","type":"image\/webp"}],"author":"ruraladmin","twitter_card":"summary_large_image","twitter_misc":{"Escrito por":"ruraladmin","Tiempo de lectura":"3 minutos"},"schema":{"@context":"https:\/\/schema.org","@graph":[{"@type":"Article","@id":"https:\/\/mallorcarural.cat\/es\/mallorca-rural-impulsa-acciones-para-promover-la-revalorizacion-del-precio-de-la-lana-en-el-sector-ganadero\/#article","isPartOf":{"@id":"https:\/\/mallorcarural.cat\/es\/mallorca-rural-impulsa-acciones-para-promover-la-revalorizacion-del-precio-de-la-lana-en-el-sector-ganadero\/"},"author":{"name":"ruraladmin","@id":"https:\/\/mallorcarural.cat\/es\/#\/schema\/person\/91479deb73e5ee2a05e8e48e2c92c4f1"},"headline":"Mallorca Rural impulsa acciones para promover la revalorizaci\u00f3n del precio de la lana en el sector ganadero","datePublished":"2023-04-14T12:44:12+00:00","dateModified":"2024-02-21T08:29:51+00:00","mainEntityOfPage":{"@id":"https:\/\/mallorcarural.cat\/es\/mallorca-rural-impulsa-acciones-para-promover-la-revalorizacion-del-precio-de-la-lana-en-el-sector-ganadero\/"},"wordCount":510,"image":{"@id":"https:\/\/mallorcarural.cat\/es\/mallorca-rural-impulsa-acciones-para-promover-la-revalorizacion-del-precio-de-la-lana-en-el-sector-ganadero\/#primaryimage"},"thumbnailUrl":"https:\/\/mallorcarural.cat\/wp-content\/uploads\/2024\/01\/MALLORCA-RURAL-IMPULSA-ACCIONS-PER-PROMOURE-LA-REVALORITZACIO-DEL-PREU-DE-LA-LLANA-AL-SECTOR-RAMADER.webp","articleSection":["Sin categorizar"],"inLanguage":"es"},{"@type":"WebPage","@id":"https:\/\/mallorcarural.cat\/es\/mallorca-rural-impulsa-acciones-para-promover-la-revalorizacion-del-precio-de-la-lana-en-el-sector-ganadero\/","url":"https:\/\/mallorcarural.cat\/es\/mallorca-rural-impulsa-acciones-para-promover-la-revalorizacion-del-precio-de-la-lana-en-el-sector-ganadero\/","name":"Mallorca Rural impulsa acciones para promover la revalorizaci\u00f3n del precio de la lana en el sector ganadero - Mallorca Rural","isPartOf":{"@id":"https:\/\/mallorcarural.cat\/es\/#website"},"primaryImageOfPage":{"@id":"https:\/\/mallorcarural.cat\/es\/mallorca-rural-impulsa-acciones-para-promover-la-revalorizacion-del-precio-de-la-lana-en-el-sector-ganadero\/#primaryimage"},"image":{"@id":"https:\/\/mallorcarural.cat\/es\/mallorca-rural-impulsa-acciones-para-promover-la-revalorizacion-del-precio-de-la-lana-en-el-sector-ganadero\/#primaryimage"},"thumbnailUrl":"https:\/\/mallorcarural.cat\/wp-content\/uploads\/2024\/01\/MALLORCA-RURAL-IMPULSA-ACCIONS-PER-PROMOURE-LA-REVALORITZACIO-DEL-PREU-DE-LA-LLANA-AL-SECTOR-RAMADER.webp","datePublished":"2023-04-14T12:44:12+00:00","dateModified":"2024-02-21T08:29:51+00:00","author":{"@id":"https:\/\/mallorcarural.cat\/es\/#\/schema\/person\/91479deb73e5ee2a05e8e48e2c92c4f1"},"breadcrumb":{"@id":"https:\/\/mallorcarural.cat\/es\/mallorca-rural-impulsa-acciones-para-promover-la-revalorizacion-del-precio-de-la-lana-en-el-sector-ganadero\/#breadcrumb"},"inLanguage":"es","potentialAction":[{"@type":"ReadAction","target":["https:\/\/mallorcarural.cat\/es\/mallorca-rural-impulsa-acciones-para-promover-la-revalorizacion-del-precio-de-la-lana-en-el-sector-ganadero\/"]}]},{"@type":"ImageObject","inLanguage":"es","@id":"https:\/\/mallorcarural.cat\/es\/mallorca-rural-impulsa-acciones-para-promover-la-revalorizacion-del-precio-de-la-lana-en-el-sector-ganadero\/#primaryimage","url":"https:\/\/mallorcarural.cat\/wp-content\/uploads\/2024\/01\/MALLORCA-RURAL-IMPULSA-ACCIONS-PER-PROMOURE-LA-REVALORITZACIO-DEL-PREU-DE-LA-LLANA-AL-SECTOR-RAMADER.webp","contentUrl":"https:\/\/mallorcarural.cat\/wp-content\/uploads\/2024\/01\/MALLORCA-RURAL-IMPULSA-ACCIONS-PER-PROMOURE-LA-REVALORITZACIO-DEL-PREU-DE-LA-LLANA-AL-SECTOR-RAMADER.webp","width":490,"height":368},{"@type":"BreadcrumbList","@id":"https:\/\/mallorcarural.cat\/es\/mallorca-rural-impulsa-acciones-para-promover-la-revalorizacion-del-precio-de-la-lana-en-el-sector-ganadero\/#breadcrumb","itemListElement":[{"@type":"ListItem","position":1,"name":"Portada","item":"https:\/\/mallorcarural.cat\/es\/"},{"@type":"ListItem","position":2,"name":"Mallorca Rural impulsa acciones para promover la revalorizaci\u00f3n del precio de la lana en el sector ganadero"}]},{"@type":"WebSite","@id":"https:\/\/mallorcarural.cat\/es\/#website","url":"https:\/\/mallorcarural.cat\/es\/","name":"Mallorca Rural","description":"","potentialAction":[{"@type":"SearchAction","target":{"@type":"EntryPoint","urlTemplate":"https:\/\/mallorcarural.cat\/es\/?s={search_term_string}"},"query-input":{"@type":"PropertyValueSpecification","valueRequired":true,"valueName":"search_term_string"}}],"inLanguage":"es"},{"@type":"Person","@id":"https:\/\/mallorcarural.cat\/es\/#\/schema\/person\/91479deb73e5ee2a05e8e48e2c92c4f1","name":"ruraladmin","image":{"@type":"ImageObject","inLanguage":"es","@id":"https:\/\/mallorcarural.cat\/es\/#\/schema\/person\/image\/","url":"https:\/\/secure.gravatar.com\/avatar\/0594df47e61094b218484d4eb153c0ca5d85f72ee62f4eff63ce62b90b7eb8d6?s=96&d=mm&r=g","contentUrl":"https:\/\/secure.gravatar.com\/avatar\/0594df47e61094b218484d4eb153c0ca5d85f72ee62f4eff63ce62b90b7eb8d6?s=96&d=mm&r=g","caption":"ruraladmin"}}]}},"_links":{"self":[{"href":"https:\/\/mallorcarural.cat\/es\/wp-json\/wp\/v2\/posts\/1733","targetHints":{"allow":["GET"]}}],"collection":[{"href":"https:\/\/mallorcarural.cat\/es\/wp-json\/wp\/v2\/posts"}],"about":[{"href":"https:\/\/mallorcarural.cat\/es\/wp-json\/wp\/v2\/types\/post"}],"author":[{"embeddable":true,"href":"https:\/\/mallorcarural.cat\/es\/wp-json\/wp\/v2\/users\/2"}],"replies":[{"embeddable":true,"href":"https:\/\/mallorcarural.cat\/es\/wp-json\/wp\/v2\/comments?post=1733"}],"version-history":[{"count":2,"href":"https:\/\/mallorcarural.cat\/es\/wp-json\/wp\/v2\/posts\/1733\/revisions"}],"predecessor-version":[{"id":1769,"href":"https:\/\/mallorcarural.cat\/es\/wp-json\/wp\/v2\/posts\/1733\/revisions\/1769"}],"wp:featuredmedia":[{"embeddable":true,"href":"https:\/\/mallorcarural.cat\/es\/wp-json\/wp\/v2\/media\/1258"}],"wp:attachment":[{"href":"https:\/\/mallorcarural.cat\/es\/wp-json\/wp\/v2\/media?parent=1733"}],"wp:term":[{"taxonomy":"category","embeddable":true,"href":"https:\/\/mallorcarural.cat\/es\/wp-json\/wp\/v2\/categories?post=1733"},{"taxonomy":"post_tag","embeddable":true,"href":"https:\/\/mallorcarural.cat\/es\/wp-json\/wp\/v2\/tags?post=1733"}],"curies":[{"name":"wp","href":"https:\/\/api.w.org\/{rel}","templated":true}]}}