{"id":1710,"date":"2023-08-29T09:08:25","date_gmt":"2023-08-29T07:08:25","guid":{"rendered":"https:\/\/wp.mallorcarural.cat\/segona-edicio-de-ruralup\/"},"modified":"2024-02-22T08:15:19","modified_gmt":"2024-02-22T07:15:19","slug":"publicadas-las-bases-de-la-segunda-edicion-de-ruralup","status":"publish","type":"post","link":"https:\/\/mallorcarural.cat\/es\/publicadas-las-bases-de-la-segunda-edicion-de-ruralup\/","title":{"rendered":"Publicadas las bases de la segunda edici\u00f3n de Rural&#8217;Up"},"content":{"rendered":"<div class=\"fusion-fullwidth fullwidth-box fusion-builder-row-1 fusion-flex-container nonhundred-percent-fullwidth non-hundred-percent-height-scrolling\" style=\"--awb-border-radius-top-left:0px;--awb-border-radius-top-right:0px;--awb-border-radius-bottom-right:0px;--awb-border-radius-bottom-left:0px;--awb-flex-wrap:wrap;\" ><div class=\"fusion-builder-row fusion-row fusion-flex-align-items-flex-start fusion-flex-content-wrap\" style=\"max-width:1331.2px;margin-left: calc(-4% \/ 2 );margin-right: calc(-4% \/ 2 );\"><div class=\"fusion-layout-column fusion_builder_column fusion-builder-column-0 fusion_builder_column_1_1 1_1 fusion-flex-column\" style=\"--awb-bg-size:cover;--awb-width-large:100%;--awb-margin-top-large:0px;--awb-spacing-right-large:1.92%;--awb-margin-bottom-large:0px;--awb-spacing-left-large:1.92%;--awb-width-medium:100%;--awb-spacing-right-medium:1.92%;--awb-spacing-left-medium:1.92%;--awb-width-small:100%;--awb-spacing-right-small:1.92%;--awb-spacing-left-small:1.92%;\"><div class=\"fusion-column-wrapper fusion-flex-justify-content-flex-start fusion-content-layout-column\"><div class=\"fusion-text fusion-text-1\"><div data-breakout=\"normal\">\n<p id=\"viewer-foo\" class=\"-Zro6 -ZADH IjV6v AnCKd _57WYp\"><span class=\"d0767\"><a class=\"TWoY9 itht3\" href=\"https:\/\/f6b81067-9f56-4aef-8190-77a58c19005a.usrfiles.com\/ugd\/f6b810_46e60625c1324cf3a0e052c7965e74ee.pdf\" target=\"_blank\" rel=\"noopener noreferrer\">Descarga las bases<\/a><\/span><\/p>\n<\/div>\n<p>Los galardones cuentan con la financiaci\u00f3n de CaixaBank, la colaboraci\u00f3n del IDI y del SOIB, y la participaci\u00f3n de empresas del sector agrario y agroalimentario.<\/p>\n<p>Mallorca Rural organiza la segunda edici\u00f3n de los premios y del programa de emprendedur\u00eda Rural&#8217;Up, que premiar\u00e1 a cuatro proyectos empresariales del \u00e1mbito rural de Mallorca con 1.000 euros para cada uno de ellos. Esta iniciativa cuenta con el patrocinio de CaixaBank, en el marco de su programa Tierra de Oportunidades; la colaboraci\u00f3n del Instituto de Innovaci\u00f3n Empresarial de las Islas Baleares (IDI), del Servicio de Ocupaci\u00f3n de las Islas Baleares (SOIB), entidades dependientes de la Consejer\u00eda de Empresa, Empleo y Energ\u00eda, y Cooperativas Agro- alimentarias de Islas Baleares, .<\/p>\n<p>Los proyectos se pueden inscribir en el programa hasta el d\u00eda 4 de octubre y la formaci\u00f3n se llevar\u00e1 a cabo en el Centro Bit Raiguer-Inca entre el 9 de octubre y el 29 de noviembre en horario de 17 a 20 h.<\/p>\n<p>Los contenidos y fechas de los m\u00f3dulos de formaci\u00f3n son:<\/p>\n<p>M\u00f3dulo 1. Capacidad emprendedora<br \/>\n9 de octubre &#8211; Emprender por primera vez con Ana Seijo y Marina Adrover de Terracor: en esta sesi\u00f3n tomaremos un primer contacto para pasar de la idea a la acci\u00f3n y qu\u00e9 debemos saber antes de decidir emprender<br \/>\n16 de octubre &#8211; Habilidades emprendedoras con Pablo Velarde y Miquel Coll d&#8217;Oliric: esta sesi\u00f3n se centrar\u00e1 en c\u00f3mo a\u00f1adir valor a nuestra propuesta a trav\u00e9s de las habilidades del emprendedor\/a<\/p>\n<p>M\u00f3dulo 2. Herramientas creativas para emprender<br \/>\n18 de octubre &#8211; Creatividad con Loileth Fern\u00e1ndez y B\u00e1rbara Mezquina de Bodega Mesquida Mora: a trav\u00e9s de la metodolog\u00eda LEGO SERIOUS PLAY pensaremos nuestro proyecto desde una perspectiva diferente para dise\u00f1ar nuestra propuesta de valor<br \/>\n23 de octubre &#8211; CANVA con Pere Jim\u00e9nez del IDI: trataremos el mapa mental y el CANVA de tu proyecto<\/p>\n<p>M\u00f3dulo 3. Acompa\u00f1amiento espec\u00edfico para empresas de explotaci\u00f3n agraria, optativo para explotaciones agrarias (25, 30 de octubre y 6 de noviembre con M. Francisca Parets, directora gerente de Cooperativas Agro-alimentarias Illes Balears): durante tres sesiones se capacitar\u00e1 a los participantes para la obtenci\u00f3n de un nivel m\u00ednimo para el desarrollo de actividades relacionadas con la agricultura y la ganader\u00eda, cumpliendo con las normativas que las regulan. Estos conocimientos permitir\u00e1n a los participantes incorporarse a la actividad agraria y hacerlo de forma cooperativa<\/p>\n<p>M\u00f3dulo 4. Marketing (8, 13 y 15 de noviembre con Caterina Serra de UCO Sa Pobla): estas tres sesiones se centrar\u00e1n en hacer una introducci\u00f3n al marketing, la identidad de marca y el marketing digital de empresas de los \u00e1mbitos agrarios y agroalimentarios<\/p>\n<p>M\u00f3dulo 5. Financiaci\u00f3n<br \/>\n20 de noviembre &#8211; con Grup r trataremos diversas f\u00f3rmulas y ayudas de financiaci\u00f3n de los proyectos<\/p>\n<p>M\u00f3dulo 6. Networking<\/p>\n<p>M\u00f3dulo 7. Plan econ\u00f3mico y financiero (29 de noviembre con M\u00f3nica Rivera de IDI y Pedro Osuna de Finca Ses Terres)<\/p>\n<p>Rural\u2019Up se dirige a personas emprendedoras que lideren un proyecto del sector agrario y agroalimentario. El objetivo de este programa es impulsar y facilitar el desarrollo de proyectos sostenibles e innovadores en la zona rural LEADER de Mallorca con un programa de formaci\u00f3n y una dotaci\u00f3n econ\u00f3mica de 1.000 euros para los cuatro proyectos que destaquen por su calidad, impacto y viabilidad.<\/p>\n<p>Tambi\u00e9n los participantes deben presentar un plan de empresa que ser\u00e1 valorado por un jurado formado por profesionales del sector y t\u00e9cnicos de Mallorca Rural, del IDI y del SOIB.<\/p>\n<p>Esta nueva edici\u00f3n de Rural&#8217;Up tiene como novedades la incorporaci\u00f3n de un m\u00f3dulo espec\u00edfico para el desarrollo de explotaciones agrarias y la participaci\u00f3n de empresas del sector en algunas de las sesiones de formaci\u00f3n, entre ellas, UCO Sa Pobla, Terracor, Celler Mesquida Mora y Finca Ses Terres.<\/p><\/p>\n<\/div><\/div><\/div><\/div><\/div>\n","protected":false},"excerpt":{"rendered":"","protected":false},"author":2,"featured_media":1150,"comment_status":"closed","ping_status":"closed","sticky":false,"template":"","format":"standard","meta":{"footnotes":""},"categories":[15],"tags":[],"class_list":["post-1710","post","type-post","status-publish","format-standard","has-post-thumbnail","hentry","category-sin-categorizar"],"yoast_head":"<!-- This site is optimized with the Yoast SEO plugin v26.7 - https:\/\/yoast.com\/wordpress\/plugins\/seo\/ -->\n<title>Publicadas las bases de la segunda edici\u00f3n de Rural&#039;Up - Mallorca Rural<\/title>\n<meta name=\"robots\" content=\"index, follow, max-snippet:-1, max-image-preview:large, max-video-preview:-1\" \/>\n<link rel=\"canonical\" href=\"https:\/\/mallorcarural.cat\/es\/publicadas-las-bases-de-la-segunda-edicion-de-ruralup\/\" \/>\n<meta property=\"og:locale\" content=\"es_ES\" \/>\n<meta property=\"og:type\" content=\"article\" \/>\n<meta property=\"og:title\" content=\"Publicadas las bases de la segunda edici\u00f3n de Rural&#039;Up - Mallorca Rural\" \/>\n<meta property=\"og:url\" content=\"https:\/\/mallorcarural.cat\/es\/publicadas-las-bases-de-la-segunda-edicion-de-ruralup\/\" \/>\n<meta property=\"og:site_name\" content=\"Mallorca Rural\" \/>\n<meta property=\"article:published_time\" content=\"2023-08-29T07:08:25+00:00\" \/>\n<meta property=\"article:modified_time\" content=\"2024-02-22T07:15:19+00:00\" \/>\n<meta property=\"og:image\" content=\"https:\/\/mallorcarural.cat\/wp-content\/uploads\/2024\/01\/f6b810_cd999d7b3fed44a0a4dc7739812a068cmv2-e1706713514793.webp\" \/>\n\t<meta property=\"og:image:width\" content=\"490\" \/>\n\t<meta property=\"og:image:height\" content=\"368\" \/>\n\t<meta property=\"og:image:type\" content=\"image\/webp\" \/>\n<meta name=\"author\" content=\"ruraladmin\" \/>\n<meta name=\"twitter:card\" content=\"summary_large_image\" \/>\n<meta name=\"twitter:label1\" content=\"Escrito por\" \/>\n\t<meta name=\"twitter:data1\" content=\"ruraladmin\" \/>\n\t<meta name=\"twitter:label2\" content=\"Tiempo de lectura\" \/>\n\t<meta name=\"twitter:data2\" content=\"3 minutos\" \/>\n<script type=\"application\/ld+json\" class=\"yoast-schema-graph\">{\"@context\":\"https:\/\/schema.org\",\"@graph\":[{\"@type\":\"Article\",\"@id\":\"https:\/\/mallorcarural.cat\/es\/publicadas-las-bases-de-la-segunda-edicion-de-ruralup\/#article\",\"isPartOf\":{\"@id\":\"https:\/\/mallorcarural.cat\/es\/publicadas-las-bases-de-la-segunda-edicion-de-ruralup\/\"},\"author\":{\"name\":\"ruraladmin\",\"@id\":\"https:\/\/mallorcarural.cat\/es\/#\/schema\/person\/91479deb73e5ee2a05e8e48e2c92c4f1\"},\"headline\":\"Publicadas las bases de la segunda edici\u00f3n de Rural&#8217;Up\",\"datePublished\":\"2023-08-29T07:08:25+00:00\",\"dateModified\":\"2024-02-22T07:15:19+00:00\",\"mainEntityOfPage\":{\"@id\":\"https:\/\/mallorcarural.cat\/es\/publicadas-las-bases-de-la-segunda-edicion-de-ruralup\/\"},\"wordCount\":770,\"image\":{\"@id\":\"https:\/\/mallorcarural.cat\/es\/publicadas-las-bases-de-la-segunda-edicion-de-ruralup\/#primaryimage\"},\"thumbnailUrl\":\"https:\/\/mallorcarural.cat\/wp-content\/uploads\/2024\/01\/f6b810_cd999d7b3fed44a0a4dc7739812a068cmv2-e1706713514793.webp\",\"articleSection\":[\"Sin categorizar\"],\"inLanguage\":\"es\"},{\"@type\":\"WebPage\",\"@id\":\"https:\/\/mallorcarural.cat\/es\/publicadas-las-bases-de-la-segunda-edicion-de-ruralup\/\",\"url\":\"https:\/\/mallorcarural.cat\/es\/publicadas-las-bases-de-la-segunda-edicion-de-ruralup\/\",\"name\":\"Publicadas las bases de la segunda edici\u00f3n de Rural'Up - Mallorca Rural\",\"isPartOf\":{\"@id\":\"https:\/\/mallorcarural.cat\/es\/#website\"},\"primaryImageOfPage\":{\"@id\":\"https:\/\/mallorcarural.cat\/es\/publicadas-las-bases-de-la-segunda-edicion-de-ruralup\/#primaryimage\"},\"image\":{\"@id\":\"https:\/\/mallorcarural.cat\/es\/publicadas-las-bases-de-la-segunda-edicion-de-ruralup\/#primaryimage\"},\"thumbnailUrl\":\"https:\/\/mallorcarural.cat\/wp-content\/uploads\/2024\/01\/f6b810_cd999d7b3fed44a0a4dc7739812a068cmv2-e1706713514793.webp\",\"datePublished\":\"2023-08-29T07:08:25+00:00\",\"dateModified\":\"2024-02-22T07:15:19+00:00\",\"author\":{\"@id\":\"https:\/\/mallorcarural.cat\/es\/#\/schema\/person\/91479deb73e5ee2a05e8e48e2c92c4f1\"},\"breadcrumb\":{\"@id\":\"https:\/\/mallorcarural.cat\/es\/publicadas-las-bases-de-la-segunda-edicion-de-ruralup\/#breadcrumb\"},\"inLanguage\":\"es\",\"potentialAction\":[{\"@type\":\"ReadAction\",\"target\":[\"https:\/\/mallorcarural.cat\/es\/publicadas-las-bases-de-la-segunda-edicion-de-ruralup\/\"]}]},{\"@type\":\"ImageObject\",\"inLanguage\":\"es\",\"@id\":\"https:\/\/mallorcarural.cat\/es\/publicadas-las-bases-de-la-segunda-edicion-de-ruralup\/#primaryimage\",\"url\":\"https:\/\/mallorcarural.cat\/wp-content\/uploads\/2024\/01\/f6b810_cd999d7b3fed44a0a4dc7739812a068cmv2-e1706713514793.webp\",\"contentUrl\":\"https:\/\/mallorcarural.cat\/wp-content\/uploads\/2024\/01\/f6b810_cd999d7b3fed44a0a4dc7739812a068cmv2-e1706713514793.webp\",\"width\":490,\"height\":368},{\"@type\":\"BreadcrumbList\",\"@id\":\"https:\/\/mallorcarural.cat\/es\/publicadas-las-bases-de-la-segunda-edicion-de-ruralup\/#breadcrumb\",\"itemListElement\":[{\"@type\":\"ListItem\",\"position\":1,\"name\":\"Portada\",\"item\":\"https:\/\/mallorcarural.cat\/es\/\"},{\"@type\":\"ListItem\",\"position\":2,\"name\":\"Publicadas las bases de la segunda edici\u00f3n de Rural&#8217;Up\"}]},{\"@type\":\"WebSite\",\"@id\":\"https:\/\/mallorcarural.cat\/es\/#website\",\"url\":\"https:\/\/mallorcarural.cat\/es\/\",\"name\":\"Mallorca Rural\",\"description\":\"\",\"potentialAction\":[{\"@type\":\"SearchAction\",\"target\":{\"@type\":\"EntryPoint\",\"urlTemplate\":\"https:\/\/mallorcarural.cat\/es\/?s={search_term_string}\"},\"query-input\":{\"@type\":\"PropertyValueSpecification\",\"valueRequired\":true,\"valueName\":\"search_term_string\"}}],\"inLanguage\":\"es\"},{\"@type\":\"Person\",\"@id\":\"https:\/\/mallorcarural.cat\/es\/#\/schema\/person\/91479deb73e5ee2a05e8e48e2c92c4f1\",\"name\":\"ruraladmin\",\"image\":{\"@type\":\"ImageObject\",\"inLanguage\":\"es\",\"@id\":\"https:\/\/mallorcarural.cat\/es\/#\/schema\/person\/image\/\",\"url\":\"https:\/\/secure.gravatar.com\/avatar\/0594df47e61094b218484d4eb153c0ca5d85f72ee62f4eff63ce62b90b7eb8d6?s=96&d=mm&r=g\",\"contentUrl\":\"https:\/\/secure.gravatar.com\/avatar\/0594df47e61094b218484d4eb153c0ca5d85f72ee62f4eff63ce62b90b7eb8d6?s=96&d=mm&r=g\",\"caption\":\"ruraladmin\"}}]}<\/script>\n<!-- \/ Yoast SEO plugin. -->","yoast_head_json":{"title":"Publicadas las bases de la segunda edici\u00f3n de Rural'Up - Mallorca Rural","robots":{"index":"index","follow":"follow","max-snippet":"max-snippet:-1","max-image-preview":"max-image-preview:large","max-video-preview":"max-video-preview:-1"},"canonical":"https:\/\/mallorcarural.cat\/es\/publicadas-las-bases-de-la-segunda-edicion-de-ruralup\/","og_locale":"es_ES","og_type":"article","og_title":"Publicadas las bases de la segunda edici\u00f3n de Rural'Up - Mallorca Rural","og_url":"https:\/\/mallorcarural.cat\/es\/publicadas-las-bases-de-la-segunda-edicion-de-ruralup\/","og_site_name":"Mallorca Rural","article_published_time":"2023-08-29T07:08:25+00:00","article_modified_time":"2024-02-22T07:15:19+00:00","og_image":[{"width":490,"height":368,"url":"https:\/\/mallorcarural.cat\/wp-content\/uploads\/2024\/01\/f6b810_cd999d7b3fed44a0a4dc7739812a068cmv2-e1706713514793.webp","type":"image\/webp"}],"author":"ruraladmin","twitter_card":"summary_large_image","twitter_misc":{"Escrito por":"ruraladmin","Tiempo de lectura":"3 minutos"},"schema":{"@context":"https:\/\/schema.org","@graph":[{"@type":"Article","@id":"https:\/\/mallorcarural.cat\/es\/publicadas-las-bases-de-la-segunda-edicion-de-ruralup\/#article","isPartOf":{"@id":"https:\/\/mallorcarural.cat\/es\/publicadas-las-bases-de-la-segunda-edicion-de-ruralup\/"},"author":{"name":"ruraladmin","@id":"https:\/\/mallorcarural.cat\/es\/#\/schema\/person\/91479deb73e5ee2a05e8e48e2c92c4f1"},"headline":"Publicadas las bases de la segunda edici\u00f3n de Rural&#8217;Up","datePublished":"2023-08-29T07:08:25+00:00","dateModified":"2024-02-22T07:15:19+00:00","mainEntityOfPage":{"@id":"https:\/\/mallorcarural.cat\/es\/publicadas-las-bases-de-la-segunda-edicion-de-ruralup\/"},"wordCount":770,"image":{"@id":"https:\/\/mallorcarural.cat\/es\/publicadas-las-bases-de-la-segunda-edicion-de-ruralup\/#primaryimage"},"thumbnailUrl":"https:\/\/mallorcarural.cat\/wp-content\/uploads\/2024\/01\/f6b810_cd999d7b3fed44a0a4dc7739812a068cmv2-e1706713514793.webp","articleSection":["Sin categorizar"],"inLanguage":"es"},{"@type":"WebPage","@id":"https:\/\/mallorcarural.cat\/es\/publicadas-las-bases-de-la-segunda-edicion-de-ruralup\/","url":"https:\/\/mallorcarural.cat\/es\/publicadas-las-bases-de-la-segunda-edicion-de-ruralup\/","name":"Publicadas las bases de la segunda edici\u00f3n de Rural'Up - Mallorca Rural","isPartOf":{"@id":"https:\/\/mallorcarural.cat\/es\/#website"},"primaryImageOfPage":{"@id":"https:\/\/mallorcarural.cat\/es\/publicadas-las-bases-de-la-segunda-edicion-de-ruralup\/#primaryimage"},"image":{"@id":"https:\/\/mallorcarural.cat\/es\/publicadas-las-bases-de-la-segunda-edicion-de-ruralup\/#primaryimage"},"thumbnailUrl":"https:\/\/mallorcarural.cat\/wp-content\/uploads\/2024\/01\/f6b810_cd999d7b3fed44a0a4dc7739812a068cmv2-e1706713514793.webp","datePublished":"2023-08-29T07:08:25+00:00","dateModified":"2024-02-22T07:15:19+00:00","author":{"@id":"https:\/\/mallorcarural.cat\/es\/#\/schema\/person\/91479deb73e5ee2a05e8e48e2c92c4f1"},"breadcrumb":{"@id":"https:\/\/mallorcarural.cat\/es\/publicadas-las-bases-de-la-segunda-edicion-de-ruralup\/#breadcrumb"},"inLanguage":"es","potentialAction":[{"@type":"ReadAction","target":["https:\/\/mallorcarural.cat\/es\/publicadas-las-bases-de-la-segunda-edicion-de-ruralup\/"]}]},{"@type":"ImageObject","inLanguage":"es","@id":"https:\/\/mallorcarural.cat\/es\/publicadas-las-bases-de-la-segunda-edicion-de-ruralup\/#primaryimage","url":"https:\/\/mallorcarural.cat\/wp-content\/uploads\/2024\/01\/f6b810_cd999d7b3fed44a0a4dc7739812a068cmv2-e1706713514793.webp","contentUrl":"https:\/\/mallorcarural.cat\/wp-content\/uploads\/2024\/01\/f6b810_cd999d7b3fed44a0a4dc7739812a068cmv2-e1706713514793.webp","width":490,"height":368},{"@type":"BreadcrumbList","@id":"https:\/\/mallorcarural.cat\/es\/publicadas-las-bases-de-la-segunda-edicion-de-ruralup\/#breadcrumb","itemListElement":[{"@type":"ListItem","position":1,"name":"Portada","item":"https:\/\/mallorcarural.cat\/es\/"},{"@type":"ListItem","position":2,"name":"Publicadas las bases de la segunda edici\u00f3n de Rural&#8217;Up"}]},{"@type":"WebSite","@id":"https:\/\/mallorcarural.cat\/es\/#website","url":"https:\/\/mallorcarural.cat\/es\/","name":"Mallorca Rural","description":"","potentialAction":[{"@type":"SearchAction","target":{"@type":"EntryPoint","urlTemplate":"https:\/\/mallorcarural.cat\/es\/?s={search_term_string}"},"query-input":{"@type":"PropertyValueSpecification","valueRequired":true,"valueName":"search_term_string"}}],"inLanguage":"es"},{"@type":"Person","@id":"https:\/\/mallorcarural.cat\/es\/#\/schema\/person\/91479deb73e5ee2a05e8e48e2c92c4f1","name":"ruraladmin","image":{"@type":"ImageObject","inLanguage":"es","@id":"https:\/\/mallorcarural.cat\/es\/#\/schema\/person\/image\/","url":"https:\/\/secure.gravatar.com\/avatar\/0594df47e61094b218484d4eb153c0ca5d85f72ee62f4eff63ce62b90b7eb8d6?s=96&d=mm&r=g","contentUrl":"https:\/\/secure.gravatar.com\/avatar\/0594df47e61094b218484d4eb153c0ca5d85f72ee62f4eff63ce62b90b7eb8d6?s=96&d=mm&r=g","caption":"ruraladmin"}}]}},"_links":{"self":[{"href":"https:\/\/mallorcarural.cat\/es\/wp-json\/wp\/v2\/posts\/1710","targetHints":{"allow":["GET"]}}],"collection":[{"href":"https:\/\/mallorcarural.cat\/es\/wp-json\/wp\/v2\/posts"}],"about":[{"href":"https:\/\/mallorcarural.cat\/es\/wp-json\/wp\/v2\/types\/post"}],"author":[{"embeddable":true,"href":"https:\/\/mallorcarural.cat\/es\/wp-json\/wp\/v2\/users\/2"}],"replies":[{"embeddable":true,"href":"https:\/\/mallorcarural.cat\/es\/wp-json\/wp\/v2\/comments?post=1710"}],"version-history":[{"count":2,"href":"https:\/\/mallorcarural.cat\/es\/wp-json\/wp\/v2\/posts\/1710\/revisions"}],"predecessor-version":[{"id":1841,"href":"https:\/\/mallorcarural.cat\/es\/wp-json\/wp\/v2\/posts\/1710\/revisions\/1841"}],"wp:featuredmedia":[{"embeddable":true,"href":"https:\/\/mallorcarural.cat\/es\/wp-json\/wp\/v2\/media\/1150"}],"wp:attachment":[{"href":"https:\/\/mallorcarural.cat\/es\/wp-json\/wp\/v2\/media?parent=1710"}],"wp:term":[{"taxonomy":"category","embeddable":true,"href":"https:\/\/mallorcarural.cat\/es\/wp-json\/wp\/v2\/categories?post=1710"},{"taxonomy":"post_tag","embeddable":true,"href":"https:\/\/mallorcarural.cat\/es\/wp-json\/wp\/v2\/tags?post=1710"}],"curies":[{"name":"wp","href":"https:\/\/api.w.org\/{rel}","templated":true}]}}