{"id":1706,"date":"2023-11-20T09:12:59","date_gmt":"2023-11-20T08:12:59","guid":{"rendered":"https:\/\/wp.mallorcarural.cat\/se-publica-la-nueva-estrategia-de-desarrollo-local-participativo-2023-27\/"},"modified":"2023-11-20T09:12:59","modified_gmt":"2023-11-20T08:12:59","slug":"se-publica-la-nueva-estrategia-de-desarrollo-local-participativo-2023-27","status":"publish","type":"post","link":"https:\/\/mallorcarural.cat\/es\/se-publica-la-nueva-estrategia-de-desarrollo-local-participativo-2023-27\/","title":{"rendered":"Se publica la nueva Estrategia de Desarrollo Local Participativo 2023-27"},"content":{"rendered":"<div data-breakout=\"normal\">\n<p id=\"viewer-8fprb1724\" class=\"-Zro6 -ZADH IjV6v AnCKd _57WYp\"><span class=\"d0767\"><a class=\"TWoY9 itht3\" href=\"https:\/\/f6b81067-9f56-4aef-8190-77a58c19005a.usrfiles.com\/ugd\/f6b810_0e94bf497a7845c7993dd067057ae45f.pdf\" target=\"_blank\" rel=\"noopener noreferrer\">Estrategia completa<\/a><\/span><\/p>\n<\/div>\n<div data-breakout=\"normal\">\n<p id=\"viewer-51ctj3187\" class=\"-Zro6 -ZADH IjV6v AnCKd _57WYp\"><span class=\"d0767\"><a class=\"TWoY9 itht3\" href=\"https:\/\/f6b81067-9f56-4aef-8190-77a58c19005a.usrfiles.com\/ugd\/f6b810_1f7181c792434a06a132b4121b848a2e.pdf\" target=\"_blank\" rel=\"noopener noreferrer\">Resumen ejecutivo<\/a><\/span><\/p>\n<\/div>\n<p>La autoridad regional de gesti\u00f3n del PEPAC ha aprobado y seleccionado el EDLP 2023-2027 a propuesta del Comit\u00e9 de Selecci\u00f3n de Estrategias de Desarrollo Local Participativo para el per\u00edodo 2023-2027<\/p>\n<p>La Estrategia de Desarrollo Local Participativo de Mallorca para el per\u00edodo 2023-2027 ha sido elaborada por el Grupo de Acci\u00f3n Local Asociaci\u00f3n Mallorca Rural siguiendo las directrices de la metodolog\u00eda LEADER, en el marco previsto por el Plan Estrat\u00e9gico de la PAC (Pol\u00edtica Agraria Com\u00fan) 2023-2027 (en adelante PEPAC).<\/p>\n<p>Nace para dar respuesta a las necesidades territoriales y dificultades estructurales del territorio y tiene como objetivo general potenciar el sector agrario y agroalimentario de la zona LEADER bajo par\u00e1metros de sostenibilidad econ\u00f3mica, social y ambiental que incidan en una mayor competitividad, la visibilizaci\u00f3n positiva del sector y la adaptaci\u00f3n al cambio clim\u00e1tico, apostando por la igualdad de oportunidades y el empleo para mujeres y j\u00f3venes, el trabajo colaborativo y la transferencia de conocimiento, la profesionalizaci\u00f3n y tecnificaci\u00f3n del sector, y la inclusi\u00f3n de par\u00e1metros de innovaci\u00f3n para la puesta en valor, protecci\u00f3n y gesti\u00f3n de los recursos naturales y end\u00f3genos, como \u00e1reas estrat\u00e9gicas de actuaci\u00f3n alineadas con los objetivos de la PAC 2023-2027. Body<\/p>\n<p>Los agentes que han intervenido en su elaboraci\u00f3n apuestan por orientarse hacia la innovaci\u00f3n, buscando que sea una estrategia con un fuerte componente cohesionador y efecto vertebrador sobre el sector agrario y el territorio rural. Con el objetivo final de convertirse en punto de partida para conseguir la transformaci\u00f3n efectiva y duradera del sector en el tiempo, de forma coordinada, dando respuestas a la emergencia clim\u00e1tica.<\/p>\n","protected":false},"excerpt":{"rendered":"<p>Estrategia completa Resumen ejecutivo La autoridad regional de gesti\u00f3n del  [&#8230;]<\/p>\n","protected":false},"author":2,"featured_media":1228,"comment_status":"closed","ping_status":"closed","sticky":false,"template":"","format":"standard","meta":{"footnotes":""},"categories":[15],"tags":[],"class_list":["post-1706","post","type-post","status-publish","format-standard","has-post-thumbnail","hentry","category-sin-categorizar"],"yoast_head":"<!-- This site is optimized with the Yoast SEO plugin v26.7 - https:\/\/yoast.com\/wordpress\/plugins\/seo\/ -->\n<title>Se publica la nueva Estrategia de Desarrollo Local Participativo 2023-27 - Mallorca Rural<\/title>\n<meta name=\"robots\" content=\"index, follow, max-snippet:-1, max-image-preview:large, max-video-preview:-1\" \/>\n<link rel=\"canonical\" href=\"https:\/\/mallorcarural.cat\/es\/se-publica-la-nueva-estrategia-de-desarrollo-local-participativo-2023-27\/\" \/>\n<meta property=\"og:locale\" content=\"es_ES\" \/>\n<meta property=\"og:type\" content=\"article\" \/>\n<meta property=\"og:title\" content=\"Se publica la nueva Estrategia de Desarrollo Local Participativo 2023-27 - Mallorca Rural\" \/>\n<meta property=\"og:description\" content=\"Estrategia completa Resumen ejecutivo La autoridad regional de gesti\u00f3n del [...]\" \/>\n<meta property=\"og:url\" content=\"https:\/\/mallorcarural.cat\/es\/se-publica-la-nueva-estrategia-de-desarrollo-local-participativo-2023-27\/\" \/>\n<meta property=\"og:site_name\" content=\"Mallorca Rural\" \/>\n<meta property=\"article:published_time\" content=\"2023-11-20T08:12:59+00:00\" \/>\n<meta property=\"og:image\" content=\"https:\/\/mallorcarural.cat\/wp-content\/uploads\/2024\/01\/NOVA-ESTRATEGIA-DE-DESENVOLUPAMENT-LOCAL-PARTICIPATIU-2023-27.webp\" \/>\n\t<meta property=\"og:image:width\" content=\"490\" \/>\n\t<meta property=\"og:image:height\" content=\"368\" \/>\n\t<meta property=\"og:image:type\" content=\"image\/webp\" \/>\n<meta name=\"author\" content=\"ruraladmin\" \/>\n<meta name=\"twitter:card\" content=\"summary_large_image\" \/>\n<meta name=\"twitter:label1\" content=\"Escrito por\" \/>\n\t<meta name=\"twitter:data1\" content=\"ruraladmin\" \/>\n\t<meta name=\"twitter:label2\" content=\"Tiempo de lectura\" \/>\n\t<meta name=\"twitter:data2\" content=\"1 minuto\" \/>\n<script type=\"application\/ld+json\" class=\"yoast-schema-graph\">{\"@context\":\"https:\/\/schema.org\",\"@graph\":[{\"@type\":\"Article\",\"@id\":\"https:\/\/mallorcarural.cat\/es\/se-publica-la-nueva-estrategia-de-desarrollo-local-participativo-2023-27\/#article\",\"isPartOf\":{\"@id\":\"https:\/\/mallorcarural.cat\/es\/se-publica-la-nueva-estrategia-de-desarrollo-local-participativo-2023-27\/\"},\"author\":{\"name\":\"ruraladmin\",\"@id\":\"https:\/\/mallorcarural.cat\/es\/#\/schema\/person\/91479deb73e5ee2a05e8e48e2c92c4f1\"},\"headline\":\"Se publica la nueva Estrategia de Desarrollo Local Participativo 2023-27\",\"datePublished\":\"2023-11-20T08:12:59+00:00\",\"mainEntityOfPage\":{\"@id\":\"https:\/\/mallorcarural.cat\/es\/se-publica-la-nueva-estrategia-de-desarrollo-local-participativo-2023-27\/\"},\"wordCount\":304,\"image\":{\"@id\":\"https:\/\/mallorcarural.cat\/es\/se-publica-la-nueva-estrategia-de-desarrollo-local-participativo-2023-27\/#primaryimage\"},\"thumbnailUrl\":\"https:\/\/mallorcarural.cat\/wp-content\/uploads\/2024\/01\/NOVA-ESTRATEGIA-DE-DESENVOLUPAMENT-LOCAL-PARTICIPATIU-2023-27.webp\",\"articleSection\":[\"Sin categorizar\"],\"inLanguage\":\"es\"},{\"@type\":\"WebPage\",\"@id\":\"https:\/\/mallorcarural.cat\/es\/se-publica-la-nueva-estrategia-de-desarrollo-local-participativo-2023-27\/\",\"url\":\"https:\/\/mallorcarural.cat\/es\/se-publica-la-nueva-estrategia-de-desarrollo-local-participativo-2023-27\/\",\"name\":\"Se publica la nueva Estrategia de Desarrollo Local Participativo 2023-27 - Mallorca Rural\",\"isPartOf\":{\"@id\":\"https:\/\/mallorcarural.cat\/es\/#website\"},\"primaryImageOfPage\":{\"@id\":\"https:\/\/mallorcarural.cat\/es\/se-publica-la-nueva-estrategia-de-desarrollo-local-participativo-2023-27\/#primaryimage\"},\"image\":{\"@id\":\"https:\/\/mallorcarural.cat\/es\/se-publica-la-nueva-estrategia-de-desarrollo-local-participativo-2023-27\/#primaryimage\"},\"thumbnailUrl\":\"https:\/\/mallorcarural.cat\/wp-content\/uploads\/2024\/01\/NOVA-ESTRATEGIA-DE-DESENVOLUPAMENT-LOCAL-PARTICIPATIU-2023-27.webp\",\"datePublished\":\"2023-11-20T08:12:59+00:00\",\"author\":{\"@id\":\"https:\/\/mallorcarural.cat\/es\/#\/schema\/person\/91479deb73e5ee2a05e8e48e2c92c4f1\"},\"breadcrumb\":{\"@id\":\"https:\/\/mallorcarural.cat\/es\/se-publica-la-nueva-estrategia-de-desarrollo-local-participativo-2023-27\/#breadcrumb\"},\"inLanguage\":\"es\",\"potentialAction\":[{\"@type\":\"ReadAction\",\"target\":[\"https:\/\/mallorcarural.cat\/es\/se-publica-la-nueva-estrategia-de-desarrollo-local-participativo-2023-27\/\"]}]},{\"@type\":\"ImageObject\",\"inLanguage\":\"es\",\"@id\":\"https:\/\/mallorcarural.cat\/es\/se-publica-la-nueva-estrategia-de-desarrollo-local-participativo-2023-27\/#primaryimage\",\"url\":\"https:\/\/mallorcarural.cat\/wp-content\/uploads\/2024\/01\/NOVA-ESTRATEGIA-DE-DESENVOLUPAMENT-LOCAL-PARTICIPATIU-2023-27.webp\",\"contentUrl\":\"https:\/\/mallorcarural.cat\/wp-content\/uploads\/2024\/01\/NOVA-ESTRATEGIA-DE-DESENVOLUPAMENT-LOCAL-PARTICIPATIU-2023-27.webp\",\"width\":490,\"height\":368},{\"@type\":\"BreadcrumbList\",\"@id\":\"https:\/\/mallorcarural.cat\/es\/se-publica-la-nueva-estrategia-de-desarrollo-local-participativo-2023-27\/#breadcrumb\",\"itemListElement\":[{\"@type\":\"ListItem\",\"position\":1,\"name\":\"Portada\",\"item\":\"https:\/\/mallorcarural.cat\/es\/\"},{\"@type\":\"ListItem\",\"position\":2,\"name\":\"Se publica la nueva Estrategia de Desarrollo Local Participativo 2023-27\"}]},{\"@type\":\"WebSite\",\"@id\":\"https:\/\/mallorcarural.cat\/es\/#website\",\"url\":\"https:\/\/mallorcarural.cat\/es\/\",\"name\":\"Mallorca Rural\",\"description\":\"\",\"potentialAction\":[{\"@type\":\"SearchAction\",\"target\":{\"@type\":\"EntryPoint\",\"urlTemplate\":\"https:\/\/mallorcarural.cat\/es\/?s={search_term_string}\"},\"query-input\":{\"@type\":\"PropertyValueSpecification\",\"valueRequired\":true,\"valueName\":\"search_term_string\"}}],\"inLanguage\":\"es\"},{\"@type\":\"Person\",\"@id\":\"https:\/\/mallorcarural.cat\/es\/#\/schema\/person\/91479deb73e5ee2a05e8e48e2c92c4f1\",\"name\":\"ruraladmin\",\"image\":{\"@type\":\"ImageObject\",\"inLanguage\":\"es\",\"@id\":\"https:\/\/mallorcarural.cat\/es\/#\/schema\/person\/image\/\",\"url\":\"https:\/\/secure.gravatar.com\/avatar\/0594df47e61094b218484d4eb153c0ca5d85f72ee62f4eff63ce62b90b7eb8d6?s=96&d=mm&r=g\",\"contentUrl\":\"https:\/\/secure.gravatar.com\/avatar\/0594df47e61094b218484d4eb153c0ca5d85f72ee62f4eff63ce62b90b7eb8d6?s=96&d=mm&r=g\",\"caption\":\"ruraladmin\"}}]}<\/script>\n<!-- \/ Yoast SEO plugin. -->","yoast_head_json":{"title":"Se publica la nueva Estrategia de Desarrollo Local Participativo 2023-27 - Mallorca Rural","robots":{"index":"index","follow":"follow","max-snippet":"max-snippet:-1","max-image-preview":"max-image-preview:large","max-video-preview":"max-video-preview:-1"},"canonical":"https:\/\/mallorcarural.cat\/es\/se-publica-la-nueva-estrategia-de-desarrollo-local-participativo-2023-27\/","og_locale":"es_ES","og_type":"article","og_title":"Se publica la nueva Estrategia de Desarrollo Local Participativo 2023-27 - Mallorca Rural","og_description":"Estrategia completa Resumen ejecutivo La autoridad regional de gesti\u00f3n del [...]","og_url":"https:\/\/mallorcarural.cat\/es\/se-publica-la-nueva-estrategia-de-desarrollo-local-participativo-2023-27\/","og_site_name":"Mallorca Rural","article_published_time":"2023-11-20T08:12:59+00:00","og_image":[{"width":490,"height":368,"url":"https:\/\/mallorcarural.cat\/wp-content\/uploads\/2024\/01\/NOVA-ESTRATEGIA-DE-DESENVOLUPAMENT-LOCAL-PARTICIPATIU-2023-27.webp","type":"image\/webp"}],"author":"ruraladmin","twitter_card":"summary_large_image","twitter_misc":{"Escrito por":"ruraladmin","Tiempo de lectura":"1 minuto"},"schema":{"@context":"https:\/\/schema.org","@graph":[{"@type":"Article","@id":"https:\/\/mallorcarural.cat\/es\/se-publica-la-nueva-estrategia-de-desarrollo-local-participativo-2023-27\/#article","isPartOf":{"@id":"https:\/\/mallorcarural.cat\/es\/se-publica-la-nueva-estrategia-de-desarrollo-local-participativo-2023-27\/"},"author":{"name":"ruraladmin","@id":"https:\/\/mallorcarural.cat\/es\/#\/schema\/person\/91479deb73e5ee2a05e8e48e2c92c4f1"},"headline":"Se publica la nueva Estrategia de Desarrollo Local Participativo 2023-27","datePublished":"2023-11-20T08:12:59+00:00","mainEntityOfPage":{"@id":"https:\/\/mallorcarural.cat\/es\/se-publica-la-nueva-estrategia-de-desarrollo-local-participativo-2023-27\/"},"wordCount":304,"image":{"@id":"https:\/\/mallorcarural.cat\/es\/se-publica-la-nueva-estrategia-de-desarrollo-local-participativo-2023-27\/#primaryimage"},"thumbnailUrl":"https:\/\/mallorcarural.cat\/wp-content\/uploads\/2024\/01\/NOVA-ESTRATEGIA-DE-DESENVOLUPAMENT-LOCAL-PARTICIPATIU-2023-27.webp","articleSection":["Sin categorizar"],"inLanguage":"es"},{"@type":"WebPage","@id":"https:\/\/mallorcarural.cat\/es\/se-publica-la-nueva-estrategia-de-desarrollo-local-participativo-2023-27\/","url":"https:\/\/mallorcarural.cat\/es\/se-publica-la-nueva-estrategia-de-desarrollo-local-participativo-2023-27\/","name":"Se publica la nueva Estrategia de Desarrollo Local Participativo 2023-27 - Mallorca Rural","isPartOf":{"@id":"https:\/\/mallorcarural.cat\/es\/#website"},"primaryImageOfPage":{"@id":"https:\/\/mallorcarural.cat\/es\/se-publica-la-nueva-estrategia-de-desarrollo-local-participativo-2023-27\/#primaryimage"},"image":{"@id":"https:\/\/mallorcarural.cat\/es\/se-publica-la-nueva-estrategia-de-desarrollo-local-participativo-2023-27\/#primaryimage"},"thumbnailUrl":"https:\/\/mallorcarural.cat\/wp-content\/uploads\/2024\/01\/NOVA-ESTRATEGIA-DE-DESENVOLUPAMENT-LOCAL-PARTICIPATIU-2023-27.webp","datePublished":"2023-11-20T08:12:59+00:00","author":{"@id":"https:\/\/mallorcarural.cat\/es\/#\/schema\/person\/91479deb73e5ee2a05e8e48e2c92c4f1"},"breadcrumb":{"@id":"https:\/\/mallorcarural.cat\/es\/se-publica-la-nueva-estrategia-de-desarrollo-local-participativo-2023-27\/#breadcrumb"},"inLanguage":"es","potentialAction":[{"@type":"ReadAction","target":["https:\/\/mallorcarural.cat\/es\/se-publica-la-nueva-estrategia-de-desarrollo-local-participativo-2023-27\/"]}]},{"@type":"ImageObject","inLanguage":"es","@id":"https:\/\/mallorcarural.cat\/es\/se-publica-la-nueva-estrategia-de-desarrollo-local-participativo-2023-27\/#primaryimage","url":"https:\/\/mallorcarural.cat\/wp-content\/uploads\/2024\/01\/NOVA-ESTRATEGIA-DE-DESENVOLUPAMENT-LOCAL-PARTICIPATIU-2023-27.webp","contentUrl":"https:\/\/mallorcarural.cat\/wp-content\/uploads\/2024\/01\/NOVA-ESTRATEGIA-DE-DESENVOLUPAMENT-LOCAL-PARTICIPATIU-2023-27.webp","width":490,"height":368},{"@type":"BreadcrumbList","@id":"https:\/\/mallorcarural.cat\/es\/se-publica-la-nueva-estrategia-de-desarrollo-local-participativo-2023-27\/#breadcrumb","itemListElement":[{"@type":"ListItem","position":1,"name":"Portada","item":"https:\/\/mallorcarural.cat\/es\/"},{"@type":"ListItem","position":2,"name":"Se publica la nueva Estrategia de Desarrollo Local Participativo 2023-27"}]},{"@type":"WebSite","@id":"https:\/\/mallorcarural.cat\/es\/#website","url":"https:\/\/mallorcarural.cat\/es\/","name":"Mallorca Rural","description":"","potentialAction":[{"@type":"SearchAction","target":{"@type":"EntryPoint","urlTemplate":"https:\/\/mallorcarural.cat\/es\/?s={search_term_string}"},"query-input":{"@type":"PropertyValueSpecification","valueRequired":true,"valueName":"search_term_string"}}],"inLanguage":"es"},{"@type":"Person","@id":"https:\/\/mallorcarural.cat\/es\/#\/schema\/person\/91479deb73e5ee2a05e8e48e2c92c4f1","name":"ruraladmin","image":{"@type":"ImageObject","inLanguage":"es","@id":"https:\/\/mallorcarural.cat\/es\/#\/schema\/person\/image\/","url":"https:\/\/secure.gravatar.com\/avatar\/0594df47e61094b218484d4eb153c0ca5d85f72ee62f4eff63ce62b90b7eb8d6?s=96&d=mm&r=g","contentUrl":"https:\/\/secure.gravatar.com\/avatar\/0594df47e61094b218484d4eb153c0ca5d85f72ee62f4eff63ce62b90b7eb8d6?s=96&d=mm&r=g","caption":"ruraladmin"}}]}},"_links":{"self":[{"href":"https:\/\/mallorcarural.cat\/es\/wp-json\/wp\/v2\/posts\/1706","targetHints":{"allow":["GET"]}}],"collection":[{"href":"https:\/\/mallorcarural.cat\/es\/wp-json\/wp\/v2\/posts"}],"about":[{"href":"https:\/\/mallorcarural.cat\/es\/wp-json\/wp\/v2\/types\/post"}],"author":[{"embeddable":true,"href":"https:\/\/mallorcarural.cat\/es\/wp-json\/wp\/v2\/users\/2"}],"replies":[{"embeddable":true,"href":"https:\/\/mallorcarural.cat\/es\/wp-json\/wp\/v2\/comments?post=1706"}],"version-history":[{"count":0,"href":"https:\/\/mallorcarural.cat\/es\/wp-json\/wp\/v2\/posts\/1706\/revisions"}],"wp:featuredmedia":[{"embeddable":true,"href":"https:\/\/mallorcarural.cat\/es\/wp-json\/wp\/v2\/media\/1228"}],"wp:attachment":[{"href":"https:\/\/mallorcarural.cat\/es\/wp-json\/wp\/v2\/media?parent=1706"}],"wp:term":[{"taxonomy":"category","embeddable":true,"href":"https:\/\/mallorcarural.cat\/es\/wp-json\/wp\/v2\/categories?post=1706"},{"taxonomy":"post_tag","embeddable":true,"href":"https:\/\/mallorcarural.cat\/es\/wp-json\/wp\/v2\/tags?post=1706"}],"curies":[{"name":"wp","href":"https:\/\/api.w.org\/{rel}","templated":true}]}}