{"id":1700,"date":"2024-01-08T14:00:24","date_gmt":"2024-01-08T13:00:24","guid":{"rendered":"https:\/\/wp.mallorcarural.cat\/inscripcions-obertes-per-a-la-jornada-formativa-manufactura-artesenal-de-la-llana-ovelles-de-mallorca\/"},"modified":"2024-02-19T12:03:49","modified_gmt":"2024-02-19T11:03:49","slug":"inscripciones-abiertas-para-la-jornada-formativa-manufactura-artesanal-de-la-lana-de-ovejas-de-mallorca","status":"publish","type":"post","link":"https:\/\/mallorcarural.cat\/es\/inscripciones-abiertas-para-la-jornada-formativa-manufactura-artesanal-de-la-lana-de-ovejas-de-mallorca\/","title":{"rendered":"Inscripciones abiertas para la jornada formativa manufactura artesanal de la lana de ovejas de Mallorca"},"content":{"rendered":"<p>El viernes 19 de enero de 10 a 13 h realizaremos una jornada de formaci\u00f3n sobre el uso de la lana para la artesan\u00eda. Se trata de una visita guiada de 3 horas de duraci\u00f3n por el taller de Llanatura (Calle Ramon Llull, 74 de Inca) para entender el recorrido que hace la lana de las ovejas de Mallorca desde su esquila hasta la transformaci\u00f3n y obtenci\u00f3n de un material textil, un fieltro 100% lana. Incluye la demostraci\u00f3n de todas las etapas de la manufactura artesanal con profesionales cualificados y maquinaria textil especializada, como es el caso de una enfeltradora con capacidad de enfeltrar otras fibras naturales (algod\u00f3n, lino, etc.).<\/p>\n<p>La jornada constar\u00e1 de 3 bloques:<\/p>\n<ol>\n<li>Visita al taller: acondicionamiento y tratamiento de la lana cruda.<br \/>\nseleccionar el vell\u00f3n por calidades y colores<br \/>\neliminar el material org\u00e1nico<br \/>\nescarmenar la lana virgen<br \/>\nlavar artesanalmente<br \/>\nsecar la lana<\/li>\n<li>Laboratorio textil: acondicionamiento y tratamiento de la lana limpia.<\/li>\n<\/ol>\n<ul>\n<li>escarmenar la lana limpia<\/li>\n<li>cardar<\/li>\n<li>fieltrar en seco<\/li>\n<li>acabado (fieltrar en h\u00famedo)<\/li>\n<\/ul>\n<p>3. Emprendimiento con triple impacto: visi\u00f3n hol\u00edstica de Llanatura que incluye proyecto ambiental (ganader\u00eda extensiva, patrimonio natural, etc.) y social (patrimonio cultural e hist\u00f3rico, inclusi\u00f3n social de personas con diagn\u00f3stico de trastorno de salud mental, etc.) y proyecto de Investigaci\u00f3n y Desarrollo con la lana (Universidad de las Islas Baleares).<\/p>\n<p>Dirigir\u00e1n la jornada Eugenia Marcote y Gemma Salvador de Llanatura, una iniciativa de la Fundaci\u00f3n Es Garrover.<\/p>\n<p>Esta actividad forma parte de LLARETSS, un proyecto de cooperaci\u00f3n de Mallorca Rural con LEADER Isla de Menorca financiado con fondos FEADER en el marco del Programa de Desarrollo Rural de las islas Baleares, la Consejer\u00eda de Agricultura, Pesca y Medio Natural y el Ministerio de Agricultura, Pesca y Alimentaci\u00f3n.<\/p>\n","protected":false},"excerpt":{"rendered":"<p>El viernes 19 de enero de 10 a 13 h  [&#8230;]<\/p>\n","protected":false},"author":2,"featured_media":1148,"comment_status":"closed","ping_status":"closed","sticky":false,"template":"","format":"standard","meta":{"footnotes":""},"categories":[15],"tags":[],"class_list":["post-1700","post","type-post","status-publish","format-standard","has-post-thumbnail","hentry","category-sin-categorizar"],"yoast_head":"<!-- This site is optimized with the Yoast SEO plugin v26.7 - https:\/\/yoast.com\/wordpress\/plugins\/seo\/ -->\n<title>Inscripciones abiertas para la jornada formativa manufactura artesanal de la lana de ovejas de Mallorca - Mallorca Rural<\/title>\n<meta name=\"robots\" content=\"index, follow, max-snippet:-1, max-image-preview:large, max-video-preview:-1\" \/>\n<link rel=\"canonical\" href=\"https:\/\/mallorcarural.cat\/es\/inscripciones-abiertas-para-la-jornada-formativa-manufactura-artesanal-de-la-lana-de-ovejas-de-mallorca\/\" \/>\n<meta property=\"og:locale\" content=\"es_ES\" \/>\n<meta property=\"og:type\" content=\"article\" \/>\n<meta property=\"og:title\" content=\"Inscripciones abiertas para la jornada formativa manufactura artesanal de la lana de ovejas de Mallorca - Mallorca Rural\" \/>\n<meta property=\"og:description\" content=\"El viernes 19 de enero de 10 a 13 h [...]\" \/>\n<meta property=\"og:url\" content=\"https:\/\/mallorcarural.cat\/es\/inscripciones-abiertas-para-la-jornada-formativa-manufactura-artesanal-de-la-lana-de-ovejas-de-mallorca\/\" \/>\n<meta property=\"og:site_name\" content=\"Mallorca Rural\" \/>\n<meta property=\"article:published_time\" content=\"2024-01-08T13:00:24+00:00\" \/>\n<meta property=\"article:modified_time\" content=\"2024-02-19T11:03:49+00:00\" \/>\n<meta property=\"og:image\" content=\"https:\/\/mallorcarural.cat\/wp-content\/uploads\/2024\/01\/f6b810_b39acb9baebc47bababb2026d45e756cmv2.webp\" \/>\n\t<meta property=\"og:image:width\" content=\"490\" \/>\n\t<meta property=\"og:image:height\" content=\"368\" \/>\n\t<meta property=\"og:image:type\" content=\"image\/webp\" \/>\n<meta name=\"author\" content=\"ruraladmin\" \/>\n<meta name=\"twitter:card\" content=\"summary_large_image\" \/>\n<meta name=\"twitter:label1\" content=\"Escrito por\" \/>\n\t<meta name=\"twitter:data1\" content=\"ruraladmin\" \/>\n\t<meta name=\"twitter:label2\" content=\"Tiempo de lectura\" \/>\n\t<meta name=\"twitter:data2\" content=\"2 minutos\" \/>\n<script type=\"application\/ld+json\" class=\"yoast-schema-graph\">{\"@context\":\"https:\/\/schema.org\",\"@graph\":[{\"@type\":\"Article\",\"@id\":\"https:\/\/mallorcarural.cat\/es\/inscripciones-abiertas-para-la-jornada-formativa-manufactura-artesanal-de-la-lana-de-ovejas-de-mallorca\/#article\",\"isPartOf\":{\"@id\":\"https:\/\/mallorcarural.cat\/es\/inscripciones-abiertas-para-la-jornada-formativa-manufactura-artesanal-de-la-lana-de-ovejas-de-mallorca\/\"},\"author\":{\"name\":\"ruraladmin\",\"@id\":\"https:\/\/mallorcarural.cat\/es\/#\/schema\/person\/91479deb73e5ee2a05e8e48e2c92c4f1\"},\"headline\":\"Inscripciones abiertas para la jornada formativa manufactura artesanal de la lana de ovejas de Mallorca\",\"datePublished\":\"2024-01-08T13:00:24+00:00\",\"dateModified\":\"2024-02-19T11:03:49+00:00\",\"mainEntityOfPage\":{\"@id\":\"https:\/\/mallorcarural.cat\/es\/inscripciones-abiertas-para-la-jornada-formativa-manufactura-artesanal-de-la-lana-de-ovejas-de-mallorca\/\"},\"wordCount\":313,\"image\":{\"@id\":\"https:\/\/mallorcarural.cat\/es\/inscripciones-abiertas-para-la-jornada-formativa-manufactura-artesanal-de-la-lana-de-ovejas-de-mallorca\/#primaryimage\"},\"thumbnailUrl\":\"https:\/\/mallorcarural.cat\/wp-content\/uploads\/2024\/01\/f6b810_b39acb9baebc47bababb2026d45e756cmv2.webp\",\"articleSection\":[\"Sin categorizar\"],\"inLanguage\":\"es\"},{\"@type\":\"WebPage\",\"@id\":\"https:\/\/mallorcarural.cat\/es\/inscripciones-abiertas-para-la-jornada-formativa-manufactura-artesanal-de-la-lana-de-ovejas-de-mallorca\/\",\"url\":\"https:\/\/mallorcarural.cat\/es\/inscripciones-abiertas-para-la-jornada-formativa-manufactura-artesanal-de-la-lana-de-ovejas-de-mallorca\/\",\"name\":\"Inscripciones abiertas para la jornada formativa manufactura artesanal de la lana de ovejas de Mallorca - Mallorca Rural\",\"isPartOf\":{\"@id\":\"https:\/\/mallorcarural.cat\/es\/#website\"},\"primaryImageOfPage\":{\"@id\":\"https:\/\/mallorcarural.cat\/es\/inscripciones-abiertas-para-la-jornada-formativa-manufactura-artesanal-de-la-lana-de-ovejas-de-mallorca\/#primaryimage\"},\"image\":{\"@id\":\"https:\/\/mallorcarural.cat\/es\/inscripciones-abiertas-para-la-jornada-formativa-manufactura-artesanal-de-la-lana-de-ovejas-de-mallorca\/#primaryimage\"},\"thumbnailUrl\":\"https:\/\/mallorcarural.cat\/wp-content\/uploads\/2024\/01\/f6b810_b39acb9baebc47bababb2026d45e756cmv2.webp\",\"datePublished\":\"2024-01-08T13:00:24+00:00\",\"dateModified\":\"2024-02-19T11:03:49+00:00\",\"author\":{\"@id\":\"https:\/\/mallorcarural.cat\/es\/#\/schema\/person\/91479deb73e5ee2a05e8e48e2c92c4f1\"},\"breadcrumb\":{\"@id\":\"https:\/\/mallorcarural.cat\/es\/inscripciones-abiertas-para-la-jornada-formativa-manufactura-artesanal-de-la-lana-de-ovejas-de-mallorca\/#breadcrumb\"},\"inLanguage\":\"es\",\"potentialAction\":[{\"@type\":\"ReadAction\",\"target\":[\"https:\/\/mallorcarural.cat\/es\/inscripciones-abiertas-para-la-jornada-formativa-manufactura-artesanal-de-la-lana-de-ovejas-de-mallorca\/\"]}]},{\"@type\":\"ImageObject\",\"inLanguage\":\"es\",\"@id\":\"https:\/\/mallorcarural.cat\/es\/inscripciones-abiertas-para-la-jornada-formativa-manufactura-artesanal-de-la-lana-de-ovejas-de-mallorca\/#primaryimage\",\"url\":\"https:\/\/mallorcarural.cat\/wp-content\/uploads\/2024\/01\/f6b810_b39acb9baebc47bababb2026d45e756cmv2.webp\",\"contentUrl\":\"https:\/\/mallorcarural.cat\/wp-content\/uploads\/2024\/01\/f6b810_b39acb9baebc47bababb2026d45e756cmv2.webp\",\"width\":490,\"height\":368},{\"@type\":\"BreadcrumbList\",\"@id\":\"https:\/\/mallorcarural.cat\/es\/inscripciones-abiertas-para-la-jornada-formativa-manufactura-artesanal-de-la-lana-de-ovejas-de-mallorca\/#breadcrumb\",\"itemListElement\":[{\"@type\":\"ListItem\",\"position\":1,\"name\":\"Portada\",\"item\":\"https:\/\/mallorcarural.cat\/es\/\"},{\"@type\":\"ListItem\",\"position\":2,\"name\":\"Inscripciones abiertas para la jornada formativa manufactura artesanal de la lana de ovejas de Mallorca\"}]},{\"@type\":\"WebSite\",\"@id\":\"https:\/\/mallorcarural.cat\/es\/#website\",\"url\":\"https:\/\/mallorcarural.cat\/es\/\",\"name\":\"Mallorca Rural\",\"description\":\"\",\"potentialAction\":[{\"@type\":\"SearchAction\",\"target\":{\"@type\":\"EntryPoint\",\"urlTemplate\":\"https:\/\/mallorcarural.cat\/es\/?s={search_term_string}\"},\"query-input\":{\"@type\":\"PropertyValueSpecification\",\"valueRequired\":true,\"valueName\":\"search_term_string\"}}],\"inLanguage\":\"es\"},{\"@type\":\"Person\",\"@id\":\"https:\/\/mallorcarural.cat\/es\/#\/schema\/person\/91479deb73e5ee2a05e8e48e2c92c4f1\",\"name\":\"ruraladmin\",\"image\":{\"@type\":\"ImageObject\",\"inLanguage\":\"es\",\"@id\":\"https:\/\/mallorcarural.cat\/es\/#\/schema\/person\/image\/\",\"url\":\"https:\/\/secure.gravatar.com\/avatar\/0594df47e61094b218484d4eb153c0ca5d85f72ee62f4eff63ce62b90b7eb8d6?s=96&d=mm&r=g\",\"contentUrl\":\"https:\/\/secure.gravatar.com\/avatar\/0594df47e61094b218484d4eb153c0ca5d85f72ee62f4eff63ce62b90b7eb8d6?s=96&d=mm&r=g\",\"caption\":\"ruraladmin\"}}]}<\/script>\n<!-- \/ Yoast SEO plugin. -->","yoast_head_json":{"title":"Inscripciones abiertas para la jornada formativa manufactura artesanal de la lana de ovejas de Mallorca - Mallorca Rural","robots":{"index":"index","follow":"follow","max-snippet":"max-snippet:-1","max-image-preview":"max-image-preview:large","max-video-preview":"max-video-preview:-1"},"canonical":"https:\/\/mallorcarural.cat\/es\/inscripciones-abiertas-para-la-jornada-formativa-manufactura-artesanal-de-la-lana-de-ovejas-de-mallorca\/","og_locale":"es_ES","og_type":"article","og_title":"Inscripciones abiertas para la jornada formativa manufactura artesanal de la lana de ovejas de Mallorca - Mallorca Rural","og_description":"El viernes 19 de enero de 10 a 13 h [...]","og_url":"https:\/\/mallorcarural.cat\/es\/inscripciones-abiertas-para-la-jornada-formativa-manufactura-artesanal-de-la-lana-de-ovejas-de-mallorca\/","og_site_name":"Mallorca Rural","article_published_time":"2024-01-08T13:00:24+00:00","article_modified_time":"2024-02-19T11:03:49+00:00","og_image":[{"width":490,"height":368,"url":"https:\/\/mallorcarural.cat\/wp-content\/uploads\/2024\/01\/f6b810_b39acb9baebc47bababb2026d45e756cmv2.webp","type":"image\/webp"}],"author":"ruraladmin","twitter_card":"summary_large_image","twitter_misc":{"Escrito por":"ruraladmin","Tiempo de lectura":"2 minutos"},"schema":{"@context":"https:\/\/schema.org","@graph":[{"@type":"Article","@id":"https:\/\/mallorcarural.cat\/es\/inscripciones-abiertas-para-la-jornada-formativa-manufactura-artesanal-de-la-lana-de-ovejas-de-mallorca\/#article","isPartOf":{"@id":"https:\/\/mallorcarural.cat\/es\/inscripciones-abiertas-para-la-jornada-formativa-manufactura-artesanal-de-la-lana-de-ovejas-de-mallorca\/"},"author":{"name":"ruraladmin","@id":"https:\/\/mallorcarural.cat\/es\/#\/schema\/person\/91479deb73e5ee2a05e8e48e2c92c4f1"},"headline":"Inscripciones abiertas para la jornada formativa manufactura artesanal de la lana de ovejas de Mallorca","datePublished":"2024-01-08T13:00:24+00:00","dateModified":"2024-02-19T11:03:49+00:00","mainEntityOfPage":{"@id":"https:\/\/mallorcarural.cat\/es\/inscripciones-abiertas-para-la-jornada-formativa-manufactura-artesanal-de-la-lana-de-ovejas-de-mallorca\/"},"wordCount":313,"image":{"@id":"https:\/\/mallorcarural.cat\/es\/inscripciones-abiertas-para-la-jornada-formativa-manufactura-artesanal-de-la-lana-de-ovejas-de-mallorca\/#primaryimage"},"thumbnailUrl":"https:\/\/mallorcarural.cat\/wp-content\/uploads\/2024\/01\/f6b810_b39acb9baebc47bababb2026d45e756cmv2.webp","articleSection":["Sin categorizar"],"inLanguage":"es"},{"@type":"WebPage","@id":"https:\/\/mallorcarural.cat\/es\/inscripciones-abiertas-para-la-jornada-formativa-manufactura-artesanal-de-la-lana-de-ovejas-de-mallorca\/","url":"https:\/\/mallorcarural.cat\/es\/inscripciones-abiertas-para-la-jornada-formativa-manufactura-artesanal-de-la-lana-de-ovejas-de-mallorca\/","name":"Inscripciones abiertas para la jornada formativa manufactura artesanal de la lana de ovejas de Mallorca - Mallorca Rural","isPartOf":{"@id":"https:\/\/mallorcarural.cat\/es\/#website"},"primaryImageOfPage":{"@id":"https:\/\/mallorcarural.cat\/es\/inscripciones-abiertas-para-la-jornada-formativa-manufactura-artesanal-de-la-lana-de-ovejas-de-mallorca\/#primaryimage"},"image":{"@id":"https:\/\/mallorcarural.cat\/es\/inscripciones-abiertas-para-la-jornada-formativa-manufactura-artesanal-de-la-lana-de-ovejas-de-mallorca\/#primaryimage"},"thumbnailUrl":"https:\/\/mallorcarural.cat\/wp-content\/uploads\/2024\/01\/f6b810_b39acb9baebc47bababb2026d45e756cmv2.webp","datePublished":"2024-01-08T13:00:24+00:00","dateModified":"2024-02-19T11:03:49+00:00","author":{"@id":"https:\/\/mallorcarural.cat\/es\/#\/schema\/person\/91479deb73e5ee2a05e8e48e2c92c4f1"},"breadcrumb":{"@id":"https:\/\/mallorcarural.cat\/es\/inscripciones-abiertas-para-la-jornada-formativa-manufactura-artesanal-de-la-lana-de-ovejas-de-mallorca\/#breadcrumb"},"inLanguage":"es","potentialAction":[{"@type":"ReadAction","target":["https:\/\/mallorcarural.cat\/es\/inscripciones-abiertas-para-la-jornada-formativa-manufactura-artesanal-de-la-lana-de-ovejas-de-mallorca\/"]}]},{"@type":"ImageObject","inLanguage":"es","@id":"https:\/\/mallorcarural.cat\/es\/inscripciones-abiertas-para-la-jornada-formativa-manufactura-artesanal-de-la-lana-de-ovejas-de-mallorca\/#primaryimage","url":"https:\/\/mallorcarural.cat\/wp-content\/uploads\/2024\/01\/f6b810_b39acb9baebc47bababb2026d45e756cmv2.webp","contentUrl":"https:\/\/mallorcarural.cat\/wp-content\/uploads\/2024\/01\/f6b810_b39acb9baebc47bababb2026d45e756cmv2.webp","width":490,"height":368},{"@type":"BreadcrumbList","@id":"https:\/\/mallorcarural.cat\/es\/inscripciones-abiertas-para-la-jornada-formativa-manufactura-artesanal-de-la-lana-de-ovejas-de-mallorca\/#breadcrumb","itemListElement":[{"@type":"ListItem","position":1,"name":"Portada","item":"https:\/\/mallorcarural.cat\/es\/"},{"@type":"ListItem","position":2,"name":"Inscripciones abiertas para la jornada formativa manufactura artesanal de la lana de ovejas de Mallorca"}]},{"@type":"WebSite","@id":"https:\/\/mallorcarural.cat\/es\/#website","url":"https:\/\/mallorcarural.cat\/es\/","name":"Mallorca Rural","description":"","potentialAction":[{"@type":"SearchAction","target":{"@type":"EntryPoint","urlTemplate":"https:\/\/mallorcarural.cat\/es\/?s={search_term_string}"},"query-input":{"@type":"PropertyValueSpecification","valueRequired":true,"valueName":"search_term_string"}}],"inLanguage":"es"},{"@type":"Person","@id":"https:\/\/mallorcarural.cat\/es\/#\/schema\/person\/91479deb73e5ee2a05e8e48e2c92c4f1","name":"ruraladmin","image":{"@type":"ImageObject","inLanguage":"es","@id":"https:\/\/mallorcarural.cat\/es\/#\/schema\/person\/image\/","url":"https:\/\/secure.gravatar.com\/avatar\/0594df47e61094b218484d4eb153c0ca5d85f72ee62f4eff63ce62b90b7eb8d6?s=96&d=mm&r=g","contentUrl":"https:\/\/secure.gravatar.com\/avatar\/0594df47e61094b218484d4eb153c0ca5d85f72ee62f4eff63ce62b90b7eb8d6?s=96&d=mm&r=g","caption":"ruraladmin"}}]}},"_links":{"self":[{"href":"https:\/\/mallorcarural.cat\/es\/wp-json\/wp\/v2\/posts\/1700","targetHints":{"allow":["GET"]}}],"collection":[{"href":"https:\/\/mallorcarural.cat\/es\/wp-json\/wp\/v2\/posts"}],"about":[{"href":"https:\/\/mallorcarural.cat\/es\/wp-json\/wp\/v2\/types\/post"}],"author":[{"embeddable":true,"href":"https:\/\/mallorcarural.cat\/es\/wp-json\/wp\/v2\/users\/2"}],"replies":[{"embeddable":true,"href":"https:\/\/mallorcarural.cat\/es\/wp-json\/wp\/v2\/comments?post=1700"}],"version-history":[{"count":2,"href":"https:\/\/mallorcarural.cat\/es\/wp-json\/wp\/v2\/posts\/1700\/revisions"}],"predecessor-version":[{"id":1702,"href":"https:\/\/mallorcarural.cat\/es\/wp-json\/wp\/v2\/posts\/1700\/revisions\/1702"}],"wp:featuredmedia":[{"embeddable":true,"href":"https:\/\/mallorcarural.cat\/es\/wp-json\/wp\/v2\/media\/1148"}],"wp:attachment":[{"href":"https:\/\/mallorcarural.cat\/es\/wp-json\/wp\/v2\/media?parent=1700"}],"wp:term":[{"taxonomy":"category","embeddable":true,"href":"https:\/\/mallorcarural.cat\/es\/wp-json\/wp\/v2\/categories?post=1700"},{"taxonomy":"post_tag","embeddable":true,"href":"https:\/\/mallorcarural.cat\/es\/wp-json\/wp\/v2\/tags?post=1700"}],"curies":[{"name":"wp","href":"https:\/\/api.w.org\/{rel}","templated":true}]}}