{"id":1696,"date":"2024-01-10T14:01:55","date_gmt":"2024-01-10T13:01:55","guid":{"rendered":"https:\/\/wp.mallorcarural.cat\/inscripcions-obertes-per-a-la-jornada-formativa-manufactura-artesenal-de-la-llana-dovelles-de-mallorca\/"},"modified":"2024-02-19T11:55:34","modified_gmt":"2024-02-19T10:55:34","slug":"inscripcions-obertes-per-a-la-jornada-formativa-manufactura-artesenal-de-la-llana-dovelles-de-mallorca","status":"publish","type":"post","link":"https:\/\/mallorcarural.cat\/es\/inscripcions-obertes-per-a-la-jornada-formativa-manufactura-artesenal-de-la-llana-dovelles-de-mallorca\/","title":{"rendered":"12 proyectos han participado en el programa para emprendedores agrarios Rural&#8217;Up"},"content":{"rendered":"<p>Los premios se entregar\u00e1n el pr\u00f3ximo 30 de enero a las 18h. en el Centro Bit de Inca<\/p>\n<p>Mallorca Rural ha organizado una segunda edici\u00f3n de esta iniciativa que consta de un programa de formaci\u00f3n y unos premios para emprendedores del \u00e1mbito agrario y agroalimentario.<\/p>\n<p>Un total de 12 proyectos han participado en la formaci\u00f3n que ha consistido en 14 sesiones donde las personas participantes han podido concretar sus ideas de negocio gracias al acompa\u00f1amiento de profesionales especialistas y empresas del sector como Ol\u00edrico, UCO Sa Pobla, Cooperatives Agroalimentarias Islas Baleares, Finca Ses Terres, Vinos Mesquida Mora y Terracor.<\/p>\n<p>Ahora estos 12 proyectos podr\u00e1n optar a los 4 premios de 1000 euros que se entregar\u00e1n el pr\u00f3ximo 30 de enero en el Centre Bit de Inca. Un jurado formado por Fernando Fern\u00e1ndez, director General de Agricultura, S\u00edlvia Delgado, gerente del IDI, Catalina Sebasti\u00e0 de la Asociaci\u00f3n de Veriedades Locales, Joan Gai\u00e0 de Uni\u00f3 de Pagesos y Llu\u00eds Rub\u00ed, director insular de Medio Natural ser\u00e1n los encargados de valorar los proyectos.<\/p>\n<p>Esta iniciativa cuenta con el patrocinio de Caixabank, en el marco de su programa Tierra de Oportunidades, y la colaboraci\u00f3n del Instituto de Innovaci\u00f3n Empresarial de las Islas Baleares (IDI) y del Servicio de Ocupaci\u00f3n de las Islas Baleares ( SOIB).<\/p>\n","protected":false},"excerpt":{"rendered":"<p>Los premios se entregar\u00e1n el pr\u00f3ximo 30 de enero a  [&#8230;]<\/p>\n","protected":false},"author":2,"featured_media":1227,"comment_status":"closed","ping_status":"closed","sticky":false,"template":"","format":"standard","meta":{"footnotes":""},"categories":[15],"tags":[],"class_list":["post-1696","post","type-post","status-publish","format-standard","has-post-thumbnail","hentry","category-sin-categorizar"],"yoast_head":"<!-- This site is optimized with the Yoast SEO plugin v26.7 - https:\/\/yoast.com\/wordpress\/plugins\/seo\/ -->\n<title>12 proyectos han participado en el programa para emprendedores agrarios Rural&#039;Up - Mallorca Rural<\/title>\n<meta name=\"robots\" content=\"index, follow, max-snippet:-1, max-image-preview:large, max-video-preview:-1\" \/>\n<link rel=\"canonical\" href=\"https:\/\/mallorcarural.cat\/es\/inscripcions-obertes-per-a-la-jornada-formativa-manufactura-artesenal-de-la-llana-dovelles-de-mallorca\/\" \/>\n<meta property=\"og:locale\" content=\"es_ES\" \/>\n<meta property=\"og:type\" content=\"article\" \/>\n<meta property=\"og:title\" content=\"12 proyectos han participado en el programa para emprendedores agrarios Rural&#039;Up - Mallorca Rural\" \/>\n<meta property=\"og:description\" content=\"Los premios se entregar\u00e1n el pr\u00f3ximo 30 de enero a [...]\" \/>\n<meta property=\"og:url\" content=\"https:\/\/mallorcarural.cat\/es\/inscripcions-obertes-per-a-la-jornada-formativa-manufactura-artesenal-de-la-llana-dovelles-de-mallorca\/\" \/>\n<meta property=\"og:site_name\" content=\"Mallorca Rural\" \/>\n<meta property=\"article:published_time\" content=\"2024-01-10T13:01:55+00:00\" \/>\n<meta property=\"article:modified_time\" content=\"2024-02-19T10:55:34+00:00\" \/>\n<meta property=\"og:image\" content=\"https:\/\/mallorcarural.cat\/wp-content\/uploads\/2024\/01\/12-PROJECTES-.webp\" \/>\n\t<meta property=\"og:image:width\" content=\"490\" \/>\n\t<meta property=\"og:image:height\" content=\"368\" \/>\n\t<meta property=\"og:image:type\" content=\"image\/webp\" \/>\n<meta name=\"author\" content=\"ruraladmin\" \/>\n<meta name=\"twitter:card\" content=\"summary_large_image\" \/>\n<meta name=\"twitter:label1\" content=\"Escrito por\" \/>\n\t<meta name=\"twitter:data1\" content=\"ruraladmin\" \/>\n\t<meta name=\"twitter:label2\" content=\"Tiempo de lectura\" \/>\n\t<meta name=\"twitter:data2\" content=\"2 minutos\" \/>\n<script type=\"application\/ld+json\" class=\"yoast-schema-graph\">{\"@context\":\"https:\/\/schema.org\",\"@graph\":[{\"@type\":\"Article\",\"@id\":\"https:\/\/mallorcarural.cat\/es\/inscripcions-obertes-per-a-la-jornada-formativa-manufactura-artesenal-de-la-llana-dovelles-de-mallorca\/#article\",\"isPartOf\":{\"@id\":\"https:\/\/mallorcarural.cat\/es\/inscripcions-obertes-per-a-la-jornada-formativa-manufactura-artesenal-de-la-llana-dovelles-de-mallorca\/\"},\"author\":{\"name\":\"ruraladmin\",\"@id\":\"https:\/\/mallorcarural.cat\/es\/#\/schema\/person\/91479deb73e5ee2a05e8e48e2c92c4f1\"},\"headline\":\"12 proyectos han participado en el programa para emprendedores agrarios Rural&#8217;Up\",\"datePublished\":\"2024-01-10T13:01:55+00:00\",\"dateModified\":\"2024-02-19T10:55:34+00:00\",\"mainEntityOfPage\":{\"@id\":\"https:\/\/mallorcarural.cat\/es\/inscripcions-obertes-per-a-la-jornada-formativa-manufactura-artesenal-de-la-llana-dovelles-de-mallorca\/\"},\"wordCount\":232,\"image\":{\"@id\":\"https:\/\/mallorcarural.cat\/es\/inscripcions-obertes-per-a-la-jornada-formativa-manufactura-artesenal-de-la-llana-dovelles-de-mallorca\/#primaryimage\"},\"thumbnailUrl\":\"https:\/\/mallorcarural.cat\/wp-content\/uploads\/2024\/01\/12-PROJECTES-.webp\",\"articleSection\":[\"Sin categorizar\"],\"inLanguage\":\"es\"},{\"@type\":\"WebPage\",\"@id\":\"https:\/\/mallorcarural.cat\/es\/inscripcions-obertes-per-a-la-jornada-formativa-manufactura-artesenal-de-la-llana-dovelles-de-mallorca\/\",\"url\":\"https:\/\/mallorcarural.cat\/es\/inscripcions-obertes-per-a-la-jornada-formativa-manufactura-artesenal-de-la-llana-dovelles-de-mallorca\/\",\"name\":\"12 proyectos han participado en el programa para emprendedores agrarios Rural'Up - Mallorca Rural\",\"isPartOf\":{\"@id\":\"https:\/\/mallorcarural.cat\/es\/#website\"},\"primaryImageOfPage\":{\"@id\":\"https:\/\/mallorcarural.cat\/es\/inscripcions-obertes-per-a-la-jornada-formativa-manufactura-artesenal-de-la-llana-dovelles-de-mallorca\/#primaryimage\"},\"image\":{\"@id\":\"https:\/\/mallorcarural.cat\/es\/inscripcions-obertes-per-a-la-jornada-formativa-manufactura-artesenal-de-la-llana-dovelles-de-mallorca\/#primaryimage\"},\"thumbnailUrl\":\"https:\/\/mallorcarural.cat\/wp-content\/uploads\/2024\/01\/12-PROJECTES-.webp\",\"datePublished\":\"2024-01-10T13:01:55+00:00\",\"dateModified\":\"2024-02-19T10:55:34+00:00\",\"author\":{\"@id\":\"https:\/\/mallorcarural.cat\/es\/#\/schema\/person\/91479deb73e5ee2a05e8e48e2c92c4f1\"},\"breadcrumb\":{\"@id\":\"https:\/\/mallorcarural.cat\/es\/inscripcions-obertes-per-a-la-jornada-formativa-manufactura-artesenal-de-la-llana-dovelles-de-mallorca\/#breadcrumb\"},\"inLanguage\":\"es\",\"potentialAction\":[{\"@type\":\"ReadAction\",\"target\":[\"https:\/\/mallorcarural.cat\/es\/inscripcions-obertes-per-a-la-jornada-formativa-manufactura-artesenal-de-la-llana-dovelles-de-mallorca\/\"]}]},{\"@type\":\"ImageObject\",\"inLanguage\":\"es\",\"@id\":\"https:\/\/mallorcarural.cat\/es\/inscripcions-obertes-per-a-la-jornada-formativa-manufactura-artesenal-de-la-llana-dovelles-de-mallorca\/#primaryimage\",\"url\":\"https:\/\/mallorcarural.cat\/wp-content\/uploads\/2024\/01\/12-PROJECTES-.webp\",\"contentUrl\":\"https:\/\/mallorcarural.cat\/wp-content\/uploads\/2024\/01\/12-PROJECTES-.webp\",\"width\":490,\"height\":368},{\"@type\":\"BreadcrumbList\",\"@id\":\"https:\/\/mallorcarural.cat\/es\/inscripcions-obertes-per-a-la-jornada-formativa-manufactura-artesenal-de-la-llana-dovelles-de-mallorca\/#breadcrumb\",\"itemListElement\":[{\"@type\":\"ListItem\",\"position\":1,\"name\":\"Portada\",\"item\":\"https:\/\/mallorcarural.cat\/es\/\"},{\"@type\":\"ListItem\",\"position\":2,\"name\":\"12 proyectos han participado en el programa para emprendedores agrarios Rural&#8217;Up\"}]},{\"@type\":\"WebSite\",\"@id\":\"https:\/\/mallorcarural.cat\/es\/#website\",\"url\":\"https:\/\/mallorcarural.cat\/es\/\",\"name\":\"Mallorca Rural\",\"description\":\"\",\"potentialAction\":[{\"@type\":\"SearchAction\",\"target\":{\"@type\":\"EntryPoint\",\"urlTemplate\":\"https:\/\/mallorcarural.cat\/es\/?s={search_term_string}\"},\"query-input\":{\"@type\":\"PropertyValueSpecification\",\"valueRequired\":true,\"valueName\":\"search_term_string\"}}],\"inLanguage\":\"es\"},{\"@type\":\"Person\",\"@id\":\"https:\/\/mallorcarural.cat\/es\/#\/schema\/person\/91479deb73e5ee2a05e8e48e2c92c4f1\",\"name\":\"ruraladmin\",\"image\":{\"@type\":\"ImageObject\",\"inLanguage\":\"es\",\"@id\":\"https:\/\/mallorcarural.cat\/es\/#\/schema\/person\/image\/\",\"url\":\"https:\/\/secure.gravatar.com\/avatar\/0594df47e61094b218484d4eb153c0ca5d85f72ee62f4eff63ce62b90b7eb8d6?s=96&d=mm&r=g\",\"contentUrl\":\"https:\/\/secure.gravatar.com\/avatar\/0594df47e61094b218484d4eb153c0ca5d85f72ee62f4eff63ce62b90b7eb8d6?s=96&d=mm&r=g\",\"caption\":\"ruraladmin\"}}]}<\/script>\n<!-- \/ Yoast SEO plugin. -->","yoast_head_json":{"title":"12 proyectos han participado en el programa para emprendedores agrarios Rural'Up - Mallorca Rural","robots":{"index":"index","follow":"follow","max-snippet":"max-snippet:-1","max-image-preview":"max-image-preview:large","max-video-preview":"max-video-preview:-1"},"canonical":"https:\/\/mallorcarural.cat\/es\/inscripcions-obertes-per-a-la-jornada-formativa-manufactura-artesenal-de-la-llana-dovelles-de-mallorca\/","og_locale":"es_ES","og_type":"article","og_title":"12 proyectos han participado en el programa para emprendedores agrarios Rural'Up - Mallorca Rural","og_description":"Los premios se entregar\u00e1n el pr\u00f3ximo 30 de enero a [...]","og_url":"https:\/\/mallorcarural.cat\/es\/inscripcions-obertes-per-a-la-jornada-formativa-manufactura-artesenal-de-la-llana-dovelles-de-mallorca\/","og_site_name":"Mallorca Rural","article_published_time":"2024-01-10T13:01:55+00:00","article_modified_time":"2024-02-19T10:55:34+00:00","og_image":[{"width":490,"height":368,"url":"https:\/\/mallorcarural.cat\/wp-content\/uploads\/2024\/01\/12-PROJECTES-.webp","type":"image\/webp"}],"author":"ruraladmin","twitter_card":"summary_large_image","twitter_misc":{"Escrito por":"ruraladmin","Tiempo de lectura":"2 minutos"},"schema":{"@context":"https:\/\/schema.org","@graph":[{"@type":"Article","@id":"https:\/\/mallorcarural.cat\/es\/inscripcions-obertes-per-a-la-jornada-formativa-manufactura-artesenal-de-la-llana-dovelles-de-mallorca\/#article","isPartOf":{"@id":"https:\/\/mallorcarural.cat\/es\/inscripcions-obertes-per-a-la-jornada-formativa-manufactura-artesenal-de-la-llana-dovelles-de-mallorca\/"},"author":{"name":"ruraladmin","@id":"https:\/\/mallorcarural.cat\/es\/#\/schema\/person\/91479deb73e5ee2a05e8e48e2c92c4f1"},"headline":"12 proyectos han participado en el programa para emprendedores agrarios Rural&#8217;Up","datePublished":"2024-01-10T13:01:55+00:00","dateModified":"2024-02-19T10:55:34+00:00","mainEntityOfPage":{"@id":"https:\/\/mallorcarural.cat\/es\/inscripcions-obertes-per-a-la-jornada-formativa-manufactura-artesenal-de-la-llana-dovelles-de-mallorca\/"},"wordCount":232,"image":{"@id":"https:\/\/mallorcarural.cat\/es\/inscripcions-obertes-per-a-la-jornada-formativa-manufactura-artesenal-de-la-llana-dovelles-de-mallorca\/#primaryimage"},"thumbnailUrl":"https:\/\/mallorcarural.cat\/wp-content\/uploads\/2024\/01\/12-PROJECTES-.webp","articleSection":["Sin categorizar"],"inLanguage":"es"},{"@type":"WebPage","@id":"https:\/\/mallorcarural.cat\/es\/inscripcions-obertes-per-a-la-jornada-formativa-manufactura-artesenal-de-la-llana-dovelles-de-mallorca\/","url":"https:\/\/mallorcarural.cat\/es\/inscripcions-obertes-per-a-la-jornada-formativa-manufactura-artesenal-de-la-llana-dovelles-de-mallorca\/","name":"12 proyectos han participado en el programa para emprendedores agrarios Rural'Up - Mallorca Rural","isPartOf":{"@id":"https:\/\/mallorcarural.cat\/es\/#website"},"primaryImageOfPage":{"@id":"https:\/\/mallorcarural.cat\/es\/inscripcions-obertes-per-a-la-jornada-formativa-manufactura-artesenal-de-la-llana-dovelles-de-mallorca\/#primaryimage"},"image":{"@id":"https:\/\/mallorcarural.cat\/es\/inscripcions-obertes-per-a-la-jornada-formativa-manufactura-artesenal-de-la-llana-dovelles-de-mallorca\/#primaryimage"},"thumbnailUrl":"https:\/\/mallorcarural.cat\/wp-content\/uploads\/2024\/01\/12-PROJECTES-.webp","datePublished":"2024-01-10T13:01:55+00:00","dateModified":"2024-02-19T10:55:34+00:00","author":{"@id":"https:\/\/mallorcarural.cat\/es\/#\/schema\/person\/91479deb73e5ee2a05e8e48e2c92c4f1"},"breadcrumb":{"@id":"https:\/\/mallorcarural.cat\/es\/inscripcions-obertes-per-a-la-jornada-formativa-manufactura-artesenal-de-la-llana-dovelles-de-mallorca\/#breadcrumb"},"inLanguage":"es","potentialAction":[{"@type":"ReadAction","target":["https:\/\/mallorcarural.cat\/es\/inscripcions-obertes-per-a-la-jornada-formativa-manufactura-artesenal-de-la-llana-dovelles-de-mallorca\/"]}]},{"@type":"ImageObject","inLanguage":"es","@id":"https:\/\/mallorcarural.cat\/es\/inscripcions-obertes-per-a-la-jornada-formativa-manufactura-artesenal-de-la-llana-dovelles-de-mallorca\/#primaryimage","url":"https:\/\/mallorcarural.cat\/wp-content\/uploads\/2024\/01\/12-PROJECTES-.webp","contentUrl":"https:\/\/mallorcarural.cat\/wp-content\/uploads\/2024\/01\/12-PROJECTES-.webp","width":490,"height":368},{"@type":"BreadcrumbList","@id":"https:\/\/mallorcarural.cat\/es\/inscripcions-obertes-per-a-la-jornada-formativa-manufactura-artesenal-de-la-llana-dovelles-de-mallorca\/#breadcrumb","itemListElement":[{"@type":"ListItem","position":1,"name":"Portada","item":"https:\/\/mallorcarural.cat\/es\/"},{"@type":"ListItem","position":2,"name":"12 proyectos han participado en el programa para emprendedores agrarios Rural&#8217;Up"}]},{"@type":"WebSite","@id":"https:\/\/mallorcarural.cat\/es\/#website","url":"https:\/\/mallorcarural.cat\/es\/","name":"Mallorca Rural","description":"","potentialAction":[{"@type":"SearchAction","target":{"@type":"EntryPoint","urlTemplate":"https:\/\/mallorcarural.cat\/es\/?s={search_term_string}"},"query-input":{"@type":"PropertyValueSpecification","valueRequired":true,"valueName":"search_term_string"}}],"inLanguage":"es"},{"@type":"Person","@id":"https:\/\/mallorcarural.cat\/es\/#\/schema\/person\/91479deb73e5ee2a05e8e48e2c92c4f1","name":"ruraladmin","image":{"@type":"ImageObject","inLanguage":"es","@id":"https:\/\/mallorcarural.cat\/es\/#\/schema\/person\/image\/","url":"https:\/\/secure.gravatar.com\/avatar\/0594df47e61094b218484d4eb153c0ca5d85f72ee62f4eff63ce62b90b7eb8d6?s=96&d=mm&r=g","contentUrl":"https:\/\/secure.gravatar.com\/avatar\/0594df47e61094b218484d4eb153c0ca5d85f72ee62f4eff63ce62b90b7eb8d6?s=96&d=mm&r=g","caption":"ruraladmin"}}]}},"_links":{"self":[{"href":"https:\/\/mallorcarural.cat\/es\/wp-json\/wp\/v2\/posts\/1696","targetHints":{"allow":["GET"]}}],"collection":[{"href":"https:\/\/mallorcarural.cat\/es\/wp-json\/wp\/v2\/posts"}],"about":[{"href":"https:\/\/mallorcarural.cat\/es\/wp-json\/wp\/v2\/types\/post"}],"author":[{"embeddable":true,"href":"https:\/\/mallorcarural.cat\/es\/wp-json\/wp\/v2\/users\/2"}],"replies":[{"embeddable":true,"href":"https:\/\/mallorcarural.cat\/es\/wp-json\/wp\/v2\/comments?post=1696"}],"version-history":[{"count":2,"href":"https:\/\/mallorcarural.cat\/es\/wp-json\/wp\/v2\/posts\/1696\/revisions"}],"predecessor-version":[{"id":1698,"href":"https:\/\/mallorcarural.cat\/es\/wp-json\/wp\/v2\/posts\/1696\/revisions\/1698"}],"wp:featuredmedia":[{"embeddable":true,"href":"https:\/\/mallorcarural.cat\/es\/wp-json\/wp\/v2\/media\/1227"}],"wp:attachment":[{"href":"https:\/\/mallorcarural.cat\/es\/wp-json\/wp\/v2\/media?parent=1696"}],"wp:term":[{"taxonomy":"category","embeddable":true,"href":"https:\/\/mallorcarural.cat\/es\/wp-json\/wp\/v2\/categories?post=1696"},{"taxonomy":"post_tag","embeddable":true,"href":"https:\/\/mallorcarural.cat\/es\/wp-json\/wp\/v2\/tags?post=1696"}],"curies":[{"name":"wp","href":"https:\/\/api.w.org\/{rel}","templated":true}]}}